{"id":76972,"date":"2025-12-27T12:34:42","date_gmt":"2025-12-27T09:34:42","guid":{"rendered":"https:\/\/www.egemtv.com\/?p=76972"},"modified":"2025-12-27T12:34:43","modified_gmt":"2025-12-27T09:34:43","slug":"mentesede-cocuklar-geleneksel-oyunlarla-gelecege-hazirlaniyor","status":"publish","type":"post","link":"https:\/\/www.egemtv.com\/?p=76972","title":{"rendered":"Mente\u015fe\u2019de \u00e7ocuklar geleneksel oyunlarla gelece\u011fe haz\u0131rlan\u0131yor"},"content":{"rendered":"<p>Mente\u015fe Uluslararas\u0131 Gen\u00e7lik Merkezi g\u00f6n\u00fcll\u00fcleri, &#8220;Okullar Merkezimizde&#8221; projesi kapsam\u0131nda \u00e7ocuklarla bulu\u015ftu. Geleneksel oyunlardan spora kadar pek \u00e7ok etkinli\u011fin yap\u0131ld\u0131\u011f\u0131 programda, \u00e7ocuklar hem e\u011flendi hem \u00f6\u011frendi.<\/p>\n<p>Mente\u015fe Gen\u00e7lik ve Spor \u0130l\u00e7e M\u00fcd\u00fcrl\u00fc\u011f\u00fc b\u00fcnyesinde faaliyet g\u00f6steren Uluslararas\u0131 Gen\u00e7lik Merkezi, sosyal sorumluluk projelerine bir yenisini daha ekledi. G\u00f6n\u00fcll\u00fc gen\u00e7lerin \u00f6nc\u00fcl\u00fc\u011f\u00fcnde ger\u00e7ekle\u015ftirilen &#8220;Okullar Merkezimizde&#8221; program\u0131, \u00e7ocuklara unutulmaz bir g\u00fcn ya\u015fatt\u0131. Program\u0131n odak noktas\u0131n\u0131, ge\u00e7mi\u015ften g\u00fcn\u00fcm\u00fcze miras kalan geleneksel \u00e7ocuk oyunlar\u0131 olu\u015fturdu. Unutulmaya y\u00fcz tutmu\u015f oyunlar arac\u0131l\u0131\u011f\u0131yla \u00e7ocuklara, tak\u0131m ruhu, payla\u015fma ve i\u015f birli\u011fi gibi temel de\u011ferler a\u015f\u0131land\u0131. \u00c7ocuklar\u0131n yo\u011fun ilgi g\u00f6sterdi\u011fi oyunlar, k\u00fclt\u00fcrel miras\u0131n yeni nesillere aktar\u0131lmas\u0131nda \u00f6nemli bir k\u00f6pr\u00fc g\u00f6revi g\u00f6rd\u00fc.<\/p>\n<p>Uluslararas\u0131 Gen\u00e7lik Merkezi yetkilileri, g\u00f6n\u00fcll\u00fc gen\u00e7lerin \u00e7ocuklarla birebir ilgilenmesinin etkinli\u011fin verimlili\u011fini art\u0131rd\u0131\u011f\u0131n\u0131 vurgularken yap\u0131lan a\u00e7\u0131klamada, &#8220;Bu t\u00fcr projelerle \u00e7ocuklar\u0131m\u0131z\u0131n sosyal, fiziksel ve k\u00fclt\u00fcrel geli\u015fimlerine dokunmay\u0131 hedefliyoruz. G\u00f6n\u00fcll\u00fc gen\u00e7lerimizin enerjisiyle bu t\u00fcr anlaml\u0131 programlar\u0131 art\u0131rarak s\u00fcrd\u00fcrece\u011fiz&#8221; ifadeleri yer ald\u0131.<br \/><\/p>\n","protected":false},"excerpt":{"rendered":"<p>Mente\u015fe Uluslararas\u0131 Gen\u00e7lik Merkezi g\u00f6n\u00fcll\u00fcleri, &#8220;Okullar Merkezimizde&#8221; projesi kapsam\u0131nda \u00e7ocuklarla bulu\u015ftu. Geleneksel oyunlardan spora kadar pek \u00e7ok etkinli\u011fin yap\u0131ld\u0131\u011f\u0131 programda, \u00e7ocuklar hem e\u011flendi hem \u00f6\u011frendi. Mente\u015fe Gen\u00e7lik ve Spor \u0130l\u00e7e M\u00fcd\u00fcrl\u00fc\u011f\u00fc b\u00fcnyesinde faaliyet g\u00f6steren Uluslararas\u0131 Gen\u00e7lik Merkezi, sosyal sorumluluk projelerine bir yenisini daha ekledi. G\u00f6n\u00fcll\u00fc gen\u00e7lerin \u00f6nc\u00fcl\u00fc\u011f\u00fcnde ger\u00e7ekle\u015ftirilen &#8220;Okullar Merkezimizde&#8221; program\u0131, \u00e7ocuklara unutulmaz bir g\u00fcn&#8230;<\/p>\n","protected":false},"author":1,"featured_media":76973,"comment_status":"open","ping_status":"open","sticky":false,"template":"","format":"standard","meta":{"_crdt_document":"","footnotes":""},"categories":[1],"tags":[],"class_list":["post-76972","post","type-post","status-publish","format-standard","has-post-thumbnail","hentry","category-guncel"],"_links":{"self":[{"href":"https:\/\/www.egemtv.com\/index.php?rest_route=\/wp\/v2\/posts\/76972","targetHints":{"allow":["GET"]}}],"collection":[{"href":"https:\/\/www.egemtv.com\/index.php?rest_route=\/wp\/v2\/posts"}],"about":[{"href":"https:\/\/www.egemtv.com\/index.php?rest_route=\/wp\/v2\/types\/post"}],"author":[{"embeddable":true,"href":"https:\/\/www.egemtv.com\/index.php?rest_route=\/wp\/v2\/users\/1"}],"replies":[{"embeddable":true,"href":"https:\/\/www.egemtv.com\/index.php?rest_route=%2Fwp%2Fv2%2Fcomments&post=76972"}],"version-history":[{"count":1,"href":"https:\/\/www.egemtv.com\/index.php?rest_route=\/wp\/v2\/posts\/76972\/revisions"}],"predecessor-version":[{"id":76974,"href":"https:\/\/www.egemtv.com\/index.php?rest_route=\/wp\/v2\/posts\/76972\/revisions\/76974"}],"wp:featuredmedia":[{"embeddable":true,"href":"https:\/\/www.egemtv.com\/index.php?rest_route=\/wp\/v2\/media\/76973"}],"wp:attachment":[{"href":"https:\/\/www.egemtv.com\/index.php?rest_route=%2Fwp%2Fv2%2Fmedia&parent=76972"}],"wp:term":[{"taxonomy":"category","embeddable":true,"href":"https:\/\/www.egemtv.com\/index.php?rest_route=%2Fwp%2Fv2%2Fcategories&post=76972"},{"taxonomy":"post_tag","embeddable":true,"href":"https:\/\/www.egemtv.com\/index.php?rest_route=%2Fwp%2Fv2%2Ftags&post=76972"}],"curies":[{"name":"wp","href":"https:\/\/api.w.org\/{rel}","templated":true}]}}