{"id":76969,"date":"2025-12-27T12:14:40","date_gmt":"2025-12-27T09:14:40","guid":{"rendered":"https:\/\/www.egemtv.com\/?p=76969"},"modified":"2025-12-27T12:14:41","modified_gmt":"2025-12-27T09:14:41","slug":"nazilli-ve-bozdoganda-altyapi-calismalari-suruyor","status":"publish","type":"post","link":"https:\/\/www.egemtv.com\/?p=76969","title":{"rendered":"Nazilli ve Bozdo\u011fan\u2019da altyap\u0131 \u00e7al\u0131\u015fmalar\u0131 s\u00fcr\u00fcyor"},"content":{"rendered":"<p>Ayd\u0131n\u2019\u0131n Nazilli ve Bozdo\u011fan il\u00e7elerinde \u00e7al\u0131\u015fmalar\u0131n\u0131 s\u00fcrd\u00fcren Ayd\u0131n B\u00fcy\u00fck\u015fehir Belediyesi ekipleri, 2 milyon 100 bin TL de\u011ferindeki projelerlealtyap\u0131ya kal\u0131c\u0131 \u00e7\u00f6z\u00fcmler getiriyor.<\/p>\n<p>Ayd\u0131n B\u00fcy\u00fck\u015fehir Belediyesi ASK\u0130 Genel M\u00fcd\u00fcrl\u00fc\u011f\u00fc, kent genelinde altyap\u0131 yat\u0131r\u0131mlar\u0131n\u0131 aral\u0131ks\u0131z s\u00fcrd\u00fcr\u00fcyor. Ayd\u0131n B\u00fcy\u00fck\u015fehir Belediye Ba\u015fkan\u0131 \u00d6zlem \u00c7er\u00e7io\u011flu\u2019nun \u00f6nc\u00fcl\u00fc\u011f\u00fcnde y\u00fcr\u00fct\u00fclen \u00e7al\u0131\u015fmalar kapsam\u0131nda Ayd\u0131n\u2019\u0131n t\u00fcm il\u00e7elerinde altyap\u0131 yat\u0131r\u0131mlar\u0131 hayata ge\u00e7iriliyor.<br \/>\n<br \/>ASK\u0130 ekipleri taraf\u0131ndan Nazilli il\u00e7esi Dall\u0131ca Mahallesi\u2019nde i\u00e7me suyu hatt\u0131 yap\u0131m\u0131 s\u00fcrd\u00fcr\u00fcl\u00fcrken, Bozdo\u011fan il\u00e7esi Alhisar Mahallesi\u2019nde ise direnaj hatt\u0131 yenileme \u00e7al\u0131\u015fmas\u0131 ger\u00e7ekle\u015ftiriliyor. Yap\u0131lan \u00e7al\u0131\u015fmalarla birlikte mahallelerin altyap\u0131s\u0131 g\u00fc\u00e7lendiriliyor, kazanan Ayd\u0131n ve Ayd\u0131nl\u0131lar oluyor. Toplam 2 bin 250 metre uzunlu\u011funda hat yap\u0131m ve yenileme i\u015fini kapsayan, 2 milyon 100 bin TL yat\u0131r\u0131m bedeliyle hayata ge\u00e7irilen projeler, altyap\u0131 sistemlerinin uzun y\u0131llar hizmet vermesini sa\u011flayacak. \u00c7al\u0131\u015fmalardan duyduklar\u0131 memnuniyeti dile getiren vatanda\u015flar, Ayd\u0131n B\u00fcy\u00fck\u015fehir Belediye Ba\u015fkan\u0131 \u00d6zlem \u00c7er\u00e7io\u011flu\u2019na te\u015fekk\u00fcr etti.<br \/>\n<br \/>Yat\u0131r\u0131m ve projelerin devam edece\u011fini belirten Ba\u015fkan \u00c7er\u00e7io\u011flu, &#8220;Ayd\u0131n\u0131m\u0131z\u0131n t\u00fcm il\u00e7elerinde altyap\u0131 \u00e7al\u0131\u015fmalar\u0131m\u0131za h\u0131z kesmeden devam ediyoruz. Vatanda\u015flar\u0131m\u0131z\u0131n g\u00fcnl\u00fck ya\u015fam\u0131n\u0131 kolayla\u015ft\u0131ran, uzun vadeli \u00e7\u00f6z\u00fcmler \u00fcreten yat\u0131r\u0131mlar\u0131 hayata ge\u00e7irmeyi s\u00fcrd\u00fcrece\u011fiz&#8221; ifadelerini kulland\u0131.<br \/><\/p>\n","protected":false},"excerpt":{"rendered":"<p>Ayd\u0131n\u2019\u0131n Nazilli ve Bozdo\u011fan il\u00e7elerinde \u00e7al\u0131\u015fmalar\u0131n\u0131 s\u00fcrd\u00fcren Ayd\u0131n B\u00fcy\u00fck\u015fehir Belediyesi ekipleri, 2 milyon 100 bin TL de\u011ferindeki projelerlealtyap\u0131ya kal\u0131c\u0131 \u00e7\u00f6z\u00fcmler getiriyor. Ayd\u0131n B\u00fcy\u00fck\u015fehir Belediyesi ASK\u0130 Genel M\u00fcd\u00fcrl\u00fc\u011f\u00fc, kent genelinde altyap\u0131 yat\u0131r\u0131mlar\u0131n\u0131 aral\u0131ks\u0131z s\u00fcrd\u00fcr\u00fcyor. Ayd\u0131n B\u00fcy\u00fck\u015fehir Belediye Ba\u015fkan\u0131 \u00d6zlem \u00c7er\u00e7io\u011flu\u2019nun \u00f6nc\u00fcl\u00fc\u011f\u00fcnde y\u00fcr\u00fct\u00fclen \u00e7al\u0131\u015fmalar kapsam\u0131nda Ayd\u0131n\u2019\u0131n t\u00fcm il\u00e7elerinde altyap\u0131 yat\u0131r\u0131mlar\u0131 hayata ge\u00e7iriliyor. ASK\u0130 ekipleri taraf\u0131ndan Nazilli il\u00e7esi&#8230;<\/p>\n","protected":false},"author":1,"featured_media":76970,"comment_status":"open","ping_status":"open","sticky":false,"template":"","format":"standard","meta":{"_crdt_document":"","footnotes":""},"categories":[1],"tags":[],"class_list":["post-76969","post","type-post","status-publish","format-standard","has-post-thumbnail","hentry","category-guncel"],"_links":{"self":[{"href":"https:\/\/www.egemtv.com\/index.php?rest_route=\/wp\/v2\/posts\/76969","targetHints":{"allow":["GET"]}}],"collection":[{"href":"https:\/\/www.egemtv.com\/index.php?rest_route=\/wp\/v2\/posts"}],"about":[{"href":"https:\/\/www.egemtv.com\/index.php?rest_route=\/wp\/v2\/types\/post"}],"author":[{"embeddable":true,"href":"https:\/\/www.egemtv.com\/index.php?rest_route=\/wp\/v2\/users\/1"}],"replies":[{"embeddable":true,"href":"https:\/\/www.egemtv.com\/index.php?rest_route=%2Fwp%2Fv2%2Fcomments&post=76969"}],"version-history":[{"count":1,"href":"https:\/\/www.egemtv.com\/index.php?rest_route=\/wp\/v2\/posts\/76969\/revisions"}],"predecessor-version":[{"id":76971,"href":"https:\/\/www.egemtv.com\/index.php?rest_route=\/wp\/v2\/posts\/76969\/revisions\/76971"}],"wp:featuredmedia":[{"embeddable":true,"href":"https:\/\/www.egemtv.com\/index.php?rest_route=\/wp\/v2\/media\/76970"}],"wp:attachment":[{"href":"https:\/\/www.egemtv.com\/index.php?rest_route=%2Fwp%2Fv2%2Fmedia&parent=76969"}],"wp:term":[{"taxonomy":"category","embeddable":true,"href":"https:\/\/www.egemtv.com\/index.php?rest_route=%2Fwp%2Fv2%2Fcategories&post=76969"},{"taxonomy":"post_tag","embeddable":true,"href":"https:\/\/www.egemtv.com\/index.php?rest_route=%2Fwp%2Fv2%2Ftags&post=76969"}],"curies":[{"name":"wp","href":"https:\/\/api.w.org\/{rel}","templated":true}]}}