{"id":76966,"date":"2025-12-27T12:14:39","date_gmt":"2025-12-27T09:14:39","guid":{"rendered":"https:\/\/www.egemtv.com\/?p=76966"},"modified":"2025-12-27T12:14:40","modified_gmt":"2025-12-27T09:14:40","slug":"akyakanin-essiz-dogasinda-hedefler-bulunuyor","status":"publish","type":"post","link":"https:\/\/www.egemtv.com\/?p=76966","title":{"rendered":"Akyaka\u2019n\u0131n e\u015fsiz do\u011fas\u0131nda hedefler bulunuyor"},"content":{"rendered":"<p>Mu\u011fla\u2019n\u0131n Ula il\u00e7esine ba\u011fl\u0131 Akyaka, spor ve do\u011fay\u0131 bir araya getiren dev bir organizasyona ev sahipli\u011fi yap\u0131yor. U14 T\u00fcrkiye Oryantiring \u015eampiyonas\u0131, sporcular\u0131n k\u0131yas\u0131ya m\u00fccadelesiyle start ald\u0131.<\/p>\n<p>Do\u011fas\u0131, tarihi ve deniziyle d\u00fcnyan\u0131n say\u0131l\u0131 rotalar\u0131ndan biri olan Ula Akyaka, bu kez sporun heyecan\u0131na tan\u0131kl\u0131k ediyor. T\u00fcrkiye Oryantiring Federasyonu taraf\u0131ndan d\u00fczenlenen U14 T\u00fcrkiye Oryantiring \u015eampiyonas\u0131, sporcular\u0131n ilk g\u00fcn \u00e7\u0131k\u0131\u015flar\u0131yla resmen ba\u015flad\u0131. \u015eampiyonan\u0131n ilk g\u00fcn\u00fcnde sporcular, Akyaka\u2019n\u0131n kendine has bitki \u00f6rt\u00fcs\u00fc ve zorlu parkurlar\u0131nda hedef bulma m\u00fccadelesi verdi. Ellerinde harita ve pusulalarla strateji geli\u015ftiren gen\u00e7 sporcular, sadece rakipleriyle de\u011fil, ayn\u0131 zamanda zorlu do\u011fa \u015fartlar\u0131 ve zamanla da yar\u0131\u015ft\u0131.<\/p>\n<p>Yar\u0131\u015fmac\u0131lar hedeflerine ula\u015fmak i\u00e7in ter d\u00f6kerken, Akyaka\u2019n\u0131n benzersiz manzaras\u0131 ve atmosferi organizasyona ayr\u0131 bir renk katt\u0131. Hem teknik becerinin hem de fiziksel dayan\u0131kl\u0131l\u0131\u011f\u0131n \u00f6n planda oldu\u011fu m\u00fcsabakalarda, gen\u00e7 yeteneklerin azmi izleyenlerden tam not ald\u0131. Mu\u011fla Gen\u00e7lik ve Spor \u0130l M\u00fcd\u00fcrl\u00fc\u011f\u00fcnden yap\u0131lan a\u00e7\u0131klamada federasyon yetkilileri ve organizasyon komitesi, \u015fampiyonan\u0131n centilmenlik i\u00e7erisinde ge\u00e7mesini temenni ederek, T\u00fcrkiye\u2019nin d\u00f6rt bir yan\u0131ndan gelen t\u00fcm sporculara ba\u015far\u0131 dileklerini iletti. \u015eampiyona, \u00f6n\u00fcm\u00fczdeki g\u00fcnlerde ger\u00e7ekle\u015fecek farkl\u0131 etap ve kategorilerdeki yar\u0131\u015flarla devam edece\u011fi a\u00e7\u0131kland\u0131.<br \/><\/p>\n","protected":false},"excerpt":{"rendered":"<p>Mu\u011fla\u2019n\u0131n Ula il\u00e7esine ba\u011fl\u0131 Akyaka, spor ve do\u011fay\u0131 bir araya getiren dev bir organizasyona ev sahipli\u011fi yap\u0131yor. U14 T\u00fcrkiye Oryantiring \u015eampiyonas\u0131, sporcular\u0131n k\u0131yas\u0131ya m\u00fccadelesiyle start ald\u0131. Do\u011fas\u0131, tarihi ve deniziyle d\u00fcnyan\u0131n say\u0131l\u0131 rotalar\u0131ndan biri olan Ula Akyaka, bu kez sporun heyecan\u0131na tan\u0131kl\u0131k ediyor. T\u00fcrkiye Oryantiring Federasyonu taraf\u0131ndan d\u00fczenlenen U14 T\u00fcrkiye Oryantiring \u015eampiyonas\u0131, sporcular\u0131n ilk g\u00fcn&#8230;<\/p>\n","protected":false},"author":1,"featured_media":76967,"comment_status":"open","ping_status":"open","sticky":false,"template":"","format":"standard","meta":{"_crdt_document":"","footnotes":""},"categories":[4],"tags":[],"class_list":["post-76966","post","type-post","status-publish","format-standard","has-post-thumbnail","hentry","category-spor"],"_links":{"self":[{"href":"https:\/\/www.egemtv.com\/index.php?rest_route=\/wp\/v2\/posts\/76966","targetHints":{"allow":["GET"]}}],"collection":[{"href":"https:\/\/www.egemtv.com\/index.php?rest_route=\/wp\/v2\/posts"}],"about":[{"href":"https:\/\/www.egemtv.com\/index.php?rest_route=\/wp\/v2\/types\/post"}],"author":[{"embeddable":true,"href":"https:\/\/www.egemtv.com\/index.php?rest_route=\/wp\/v2\/users\/1"}],"replies":[{"embeddable":true,"href":"https:\/\/www.egemtv.com\/index.php?rest_route=%2Fwp%2Fv2%2Fcomments&post=76966"}],"version-history":[{"count":1,"href":"https:\/\/www.egemtv.com\/index.php?rest_route=\/wp\/v2\/posts\/76966\/revisions"}],"predecessor-version":[{"id":76968,"href":"https:\/\/www.egemtv.com\/index.php?rest_route=\/wp\/v2\/posts\/76966\/revisions\/76968"}],"wp:featuredmedia":[{"embeddable":true,"href":"https:\/\/www.egemtv.com\/index.php?rest_route=\/wp\/v2\/media\/76967"}],"wp:attachment":[{"href":"https:\/\/www.egemtv.com\/index.php?rest_route=%2Fwp%2Fv2%2Fmedia&parent=76966"}],"wp:term":[{"taxonomy":"category","embeddable":true,"href":"https:\/\/www.egemtv.com\/index.php?rest_route=%2Fwp%2Fv2%2Fcategories&post=76966"},{"taxonomy":"post_tag","embeddable":true,"href":"https:\/\/www.egemtv.com\/index.php?rest_route=%2Fwp%2Fv2%2Ftags&post=76966"}],"curies":[{"name":"wp","href":"https:\/\/api.w.org\/{rel}","templated":true}]}}