{"id":76963,"date":"2025-12-27T12:14:38","date_gmt":"2025-12-27T09:14:38","guid":{"rendered":"https:\/\/www.egemtv.com\/?p=76963"},"modified":"2025-12-27T12:14:39","modified_gmt":"2025-12-27T09:14:39","slug":"koycegiz-tazelenme-kampusunde-prof-dr-tunadan-konferans","status":"publish","type":"post","link":"https:\/\/www.egemtv.com\/?p=76963","title":{"rendered":"K\u00f6yce\u011fiz Tazelenme Kamp\u00fcs\u00fc\u2019nde Prof. Dr. Tuna\u2019dan konferans"},"content":{"rendered":"<p>Mu\u011fla\u2019n\u0131n K\u00f6yce\u011fiz il\u00e7esi Tazelenme \u00dcniversitesi Kamp\u00fcs\u00fc\u2019nde Prof. Dr. Muammer Tuna \u2018Ayd\u0131nlanman\u0131n I\u015f\u0131\u011f\u0131nda Cumhuriyet\u2019 konulu konferans ger\u00e7ekle\u015ftirdi.<\/p>\n<p>K\u00f6yce\u011fiz Sa\u011fl\u0131k Meslek Y\u00fcksekokulu Konferans Salonu\u2019nda d\u00fczenlenen konferansta, Mu\u011fla S\u0131tk\u0131 Ko\u00e7man \u00dcniversitesi Edebiyat Fak\u00fcltesi Sosyoloji B\u00f6l\u00fcm\u00fc Tazelenme \u00dcniversitesi Mu\u011fla Kamp\u00fcs\u00fc Kurucusu Prof. Dr. Muammer Tuna kamp\u00fcsler hakk\u0131nda genel bilgileri payla\u015ft\u0131, Isparta S\u00fcleyman Demirel \u00dcniversitesi ev sahipli\u011finde yap\u0131lan 5. Tazelenme Olimpiyatlar\u0131n\u0131n genel de\u011ferlendirmesini yapt\u0131. 6. Tazelenme Olimpiyatlar\u0131n\u0131n planlama \u00e7al\u0131\u015fmalar\u0131n\u0131n devam etti\u011fi bilgisini verdi. Prof. Dr. Tuna konferansta, Cumhuriyet yolculu\u011funun \u00f6zetini yapt\u0131. Ayr\u0131ca vatanda\u015fl\u0131k ve vatanda\u015fl\u0131k sorumlulu\u011fu gibi konular\u0131n sunumunu ger\u00e7ekle\u015ftirdi. Prof. Dr. Tuna, Tazelenme \u00dcniversitelerinin say\u0131s\u0131n\u0131n giderek artt\u0131\u011f\u0131n\u0131 s\u00f6yledi. Bu kamp\u00fcslerde g\u00f6rev alan hocalar\u0131n g\u00f6n\u00fcll\u00fcl\u00fck esas\u0131na g\u00f6re \u00e7al\u0131\u015ft\u0131\u011f\u0131n\u0131 belirterek, hepsine te\u015fekk\u00fcr etti.<br \/><\/p>\n","protected":false},"excerpt":{"rendered":"<p>Mu\u011fla\u2019n\u0131n K\u00f6yce\u011fiz il\u00e7esi Tazelenme \u00dcniversitesi Kamp\u00fcs\u00fc\u2019nde Prof. Dr. Muammer Tuna \u2018Ayd\u0131nlanman\u0131n I\u015f\u0131\u011f\u0131nda Cumhuriyet\u2019 konulu konferans ger\u00e7ekle\u015ftirdi. K\u00f6yce\u011fiz Sa\u011fl\u0131k Meslek Y\u00fcksekokulu Konferans Salonu\u2019nda d\u00fczenlenen konferansta, Mu\u011fla S\u0131tk\u0131 Ko\u00e7man \u00dcniversitesi Edebiyat Fak\u00fcltesi Sosyoloji B\u00f6l\u00fcm\u00fc Tazelenme \u00dcniversitesi Mu\u011fla Kamp\u00fcs\u00fc Kurucusu Prof. Dr. Muammer Tuna kamp\u00fcsler hakk\u0131nda genel bilgileri payla\u015ft\u0131, Isparta S\u00fcleyman Demirel \u00dcniversitesi ev sahipli\u011finde yap\u0131lan 5. Tazelenme&#8230;<\/p>\n","protected":false},"author":1,"featured_media":76964,"comment_status":"open","ping_status":"open","sticky":false,"template":"","format":"standard","meta":{"_crdt_document":"","footnotes":""},"categories":[1],"tags":[],"class_list":["post-76963","post","type-post","status-publish","format-standard","has-post-thumbnail","hentry","category-guncel"],"_links":{"self":[{"href":"https:\/\/www.egemtv.com\/index.php?rest_route=\/wp\/v2\/posts\/76963","targetHints":{"allow":["GET"]}}],"collection":[{"href":"https:\/\/www.egemtv.com\/index.php?rest_route=\/wp\/v2\/posts"}],"about":[{"href":"https:\/\/www.egemtv.com\/index.php?rest_route=\/wp\/v2\/types\/post"}],"author":[{"embeddable":true,"href":"https:\/\/www.egemtv.com\/index.php?rest_route=\/wp\/v2\/users\/1"}],"replies":[{"embeddable":true,"href":"https:\/\/www.egemtv.com\/index.php?rest_route=%2Fwp%2Fv2%2Fcomments&post=76963"}],"version-history":[{"count":1,"href":"https:\/\/www.egemtv.com\/index.php?rest_route=\/wp\/v2\/posts\/76963\/revisions"}],"predecessor-version":[{"id":76965,"href":"https:\/\/www.egemtv.com\/index.php?rest_route=\/wp\/v2\/posts\/76963\/revisions\/76965"}],"wp:featuredmedia":[{"embeddable":true,"href":"https:\/\/www.egemtv.com\/index.php?rest_route=\/wp\/v2\/media\/76964"}],"wp:attachment":[{"href":"https:\/\/www.egemtv.com\/index.php?rest_route=%2Fwp%2Fv2%2Fmedia&parent=76963"}],"wp:term":[{"taxonomy":"category","embeddable":true,"href":"https:\/\/www.egemtv.com\/index.php?rest_route=%2Fwp%2Fv2%2Fcategories&post=76963"},{"taxonomy":"post_tag","embeddable":true,"href":"https:\/\/www.egemtv.com\/index.php?rest_route=%2Fwp%2Fv2%2Ftags&post=76963"}],"curies":[{"name":"wp","href":"https:\/\/api.w.org\/{rel}","templated":true}]}}