{"id":76960,"date":"2025-12-27T11:35:01","date_gmt":"2025-12-27T08:35:01","guid":{"rendered":"https:\/\/www.egemtv.com\/?p=76960"},"modified":"2025-12-27T11:35:02","modified_gmt":"2025-12-27T08:35:02","slug":"emet-bor-isletme-mudurlugune-51-isci-daha-alinacak","status":"publish","type":"post","link":"https:\/\/www.egemtv.com\/?p=76960","title":{"rendered":"Emet Bor \u0130\u015fletme M\u00fcd\u00fcrl\u00fc\u011f\u00fcne 51 i\u015f\u00e7i daha al\u0131nacak"},"content":{"rendered":"<p>Eti Maden \u0130\u015fletmeleri Emet Bor \u0130\u015fletme M\u00fcd\u00fcrl\u00fc\u011f\u00fcne y\u00f6nelik istihdam \u00e7al\u0131\u015fmalar\u0131 devam ediyor. K\u0131sa s\u00fcre \u00f6nce 106 i\u015f\u00e7i al\u0131m sonu\u00e7lar\u0131n\u0131n a\u00e7\u0131klanmas\u0131n\u0131n ard\u0131ndan, Emet Bor \u0130\u015fletmesine 51 i\u015f\u00e7i daha al\u0131naca\u011f\u0131 bildirildi.<br \/>\n<br \/>31 Aral\u0131k tarihinde ilan edilmesi planlanan al\u0131mlar kapsam\u0131nda, Emet Bor \u0130\u015fletmesine 22\u2019si meslek y\u00fcksekokulu, 29\u2019u lise ve dengi okul mezunu olmak \u00fczere toplam 51 i\u015f\u00e7i istihdam edilecek.<br \/>\n<br \/>Meslek y\u00fcksekokulu mezunlar\u0131 aras\u0131ndan, elektrik b\u00f6l\u00fcm\u00fc 5, kimya b\u00f6l\u00fcm\u00fc 7, makine b\u00f6l\u00fcm\u00fc 3, maden b\u00f6l\u00fcm\u00fc 5,<br \/>\n<br \/>lojistik b\u00f6l\u00fcm\u00fc 1, harita ve kadastro b\u00f6l\u00fcm\u00fc 1 ki\u015fi al\u0131nacak.<br \/>\n<br \/>Lise ve dengi okul mezunlar\u0131 aras\u0131ndan ise, maden b\u00f6l\u00fcm\u00fc 4, metal b\u00f6l\u00fcm\u00fc 4, motorlu ara\u00e7lar b\u00f6l\u00fcm\u00fc 2, kimya b\u00f6l\u00fcm\u00fc 4, elektrik-elektronik b\u00f6l\u00fcm\u00fc 2, makine b\u00f6l\u00fcm\u00fc 3 ki\u015fi ile lise ve dengi mezunu 10 proses i\u015f\u00e7isi istihdam edilecek.<br \/>\n<br \/>\u00d6te yandan, Eti Maden \u0130\u015fletmeleri Genel M\u00fcd\u00fcrl\u00fc\u011f\u00fc b\u00fcnyesindeki di\u011fer i\u015fletmelere de i\u015f\u00e7i al\u0131m\u0131 yap\u0131laca\u011f\u0131 belirtildi. Buna g\u00f6re Bal\u0131kesir\u2019e 57, Bigadi\u00e7\u2019e 21, K\u0131rka\u2019ya 56 ve Emet\u2019e 51 olmak \u00fczere toplam 185 i\u015f\u00e7i al\u0131m\u0131 ger\u00e7ekle\u015ftirilecek.<br \/><\/p>\n","protected":false},"excerpt":{"rendered":"<p>Eti Maden \u0130\u015fletmeleri Emet Bor \u0130\u015fletme M\u00fcd\u00fcrl\u00fc\u011f\u00fcne y\u00f6nelik istihdam \u00e7al\u0131\u015fmalar\u0131 devam ediyor. K\u0131sa s\u00fcre \u00f6nce 106 i\u015f\u00e7i al\u0131m sonu\u00e7lar\u0131n\u0131n a\u00e7\u0131klanmas\u0131n\u0131n ard\u0131ndan, Emet Bor \u0130\u015fletmesine 51 i\u015f\u00e7i daha al\u0131naca\u011f\u0131 bildirildi. 31 Aral\u0131k tarihinde ilan edilmesi planlanan al\u0131mlar kapsam\u0131nda, Emet Bor \u0130\u015fletmesine 22\u2019si meslek y\u00fcksekokulu, 29\u2019u lise ve dengi okul mezunu olmak \u00fczere toplam 51 i\u015f\u00e7i istihdam&#8230;<\/p>\n","protected":false},"author":1,"featured_media":76961,"comment_status":"open","ping_status":"open","sticky":false,"template":"","format":"standard","meta":{"_crdt_document":"","footnotes":""},"categories":[125],"tags":[],"class_list":["post-76960","post","type-post","status-publish","format-standard","has-post-thumbnail","hentry","category-ekonomi"],"_links":{"self":[{"href":"https:\/\/www.egemtv.com\/index.php?rest_route=\/wp\/v2\/posts\/76960","targetHints":{"allow":["GET"]}}],"collection":[{"href":"https:\/\/www.egemtv.com\/index.php?rest_route=\/wp\/v2\/posts"}],"about":[{"href":"https:\/\/www.egemtv.com\/index.php?rest_route=\/wp\/v2\/types\/post"}],"author":[{"embeddable":true,"href":"https:\/\/www.egemtv.com\/index.php?rest_route=\/wp\/v2\/users\/1"}],"replies":[{"embeddable":true,"href":"https:\/\/www.egemtv.com\/index.php?rest_route=%2Fwp%2Fv2%2Fcomments&post=76960"}],"version-history":[{"count":1,"href":"https:\/\/www.egemtv.com\/index.php?rest_route=\/wp\/v2\/posts\/76960\/revisions"}],"predecessor-version":[{"id":76962,"href":"https:\/\/www.egemtv.com\/index.php?rest_route=\/wp\/v2\/posts\/76960\/revisions\/76962"}],"wp:featuredmedia":[{"embeddable":true,"href":"https:\/\/www.egemtv.com\/index.php?rest_route=\/wp\/v2\/media\/76961"}],"wp:attachment":[{"href":"https:\/\/www.egemtv.com\/index.php?rest_route=%2Fwp%2Fv2%2Fmedia&parent=76960"}],"wp:term":[{"taxonomy":"category","embeddable":true,"href":"https:\/\/www.egemtv.com\/index.php?rest_route=%2Fwp%2Fv2%2Fcategories&post=76960"},{"taxonomy":"post_tag","embeddable":true,"href":"https:\/\/www.egemtv.com\/index.php?rest_route=%2Fwp%2Fv2%2Ftags&post=76960"}],"curies":[{"name":"wp","href":"https:\/\/api.w.org\/{rel}","templated":true}]}}