{"id":76957,"date":"2025-12-27T11:35:00","date_gmt":"2025-12-27T08:35:00","guid":{"rendered":"https:\/\/www.egemtv.com\/?p=76957"},"modified":"2025-12-27T11:35:01","modified_gmt":"2025-12-27T08:35:01","slug":"kutahyada-kadim-kultur-cinicilik-baslikli-etkinlik-duzenlendi","status":"publish","type":"post","link":"https:\/\/www.egemtv.com\/?p=76957","title":{"rendered":"K\u00fctahya\u2019da &#8220;Kadim K\u00fclt\u00fcr: \u00c7inicilik&#8221; ba\u015fl\u0131kl\u0131 etkinlik d\u00fczenlendi"},"content":{"rendered":"<p>K\u00fctahya \u0130l Milli E\u011fitim M\u00fcd\u00fcrl\u00fc\u011f\u00fc koordinesinde y\u00fcr\u00fct\u00fclen \u00d6\u011fretmen Akademileri kapsam\u0131nda, \u015eehir ve K\u00fclt\u00fcr Akademisi faaliyetleri \u00e7er\u00e7evesinde &#8220;K\u00fctahya\u2019n\u0131n Kadim K\u00fclt\u00fcr\u00fc: \u00c7inicilik&#8221; ba\u015fl\u0131kl\u0131 k\u00fclt\u00fcr etkinli\u011fi ger\u00e7ekle\u015ftirildi.<br \/>\n<br \/>K\u00fctahya Olgunla\u015fma Enstit\u00fcs\u00fcn\u00fcn ev sahipli\u011finde d\u00fczenlenen programda, kentin k\u00f6kl\u00fc sanat miraslar\u0131ndan biri olan \u00e7inicilik, s\u00f6yle\u015fi ve at\u00f6lye \u00e7al\u0131\u015fmas\u0131yla ele al\u0131nd\u0131. Etkinli\u011fin a\u00e7\u0131l\u0131\u015f\u0131, \u0130l Milli E\u011fitim M\u00fcd\u00fcr Yard\u0131mc\u0131s\u0131 Mustafa Topuz taraf\u0131ndan yap\u0131ld\u0131.<br \/>\n<br \/>A\u00e7\u0131l\u0131\u015f konu\u015fmas\u0131n\u0131n ard\u0131ndan, K\u00fclt\u00fcr ve Turizm Bakanl\u0131\u011f\u0131 Devlet Sanat\u00e7\u0131s\u0131 Ali Kaya, \u00e7inicili\u011fin sanatsal ve k\u00fclt\u00fcrel de\u011feri ile K\u00fctahya\u2019da \u00e7inicili\u011fin tarihsel geli\u015fim s\u00fcrecine ili\u015fkin bilgi ve deneyimlerini kat\u0131l\u0131mc\u0131larla payla\u015ft\u0131.<br \/>\n<br \/>S\u00f6yle\u015fi sonras\u0131nda d\u00fczenlenen uygulamal\u0131 at\u00f6lye \u00e7al\u0131\u015fmas\u0131nda \u00f6\u011fretmenler, Ali Kaya\u2019n\u0131n rehberli\u011finde \u00e7amur tornas\u0131nda \u00e7al\u0131\u015farak vazo, \u015famdan ve kase gibi \u00f6zg\u00fcn eserler \u00fcretti. At\u00f6lye \u00e7al\u0131\u015fmas\u0131, kat\u0131l\u0131mc\u0131lara geleneksel sanatlar\u0131 uygulamal\u0131 olarak deneyimleme imk\u00e2n\u0131 sundu.<br \/>\n<br \/>Program\u0131n sonunda \u0130l Milli E\u011fitim M\u00fcd\u00fcr Yard\u0131mc\u0131s\u0131 Mustafa Topuz taraf\u0131ndan \u00e7ini sanat\u00e7\u0131s\u0131 Ali Kaya\u2019ya hediye ve te\u015fekk\u00fcr belgesi takdim edildi. Etkinlik, kat\u0131l\u0131mc\u0131 \u00f6\u011fretmenlere kat\u0131l\u0131m belgelerinin verilmesiyle sona erdi.<br \/><\/p>\n","protected":false},"excerpt":{"rendered":"<p>K\u00fctahya \u0130l Milli E\u011fitim M\u00fcd\u00fcrl\u00fc\u011f\u00fc koordinesinde y\u00fcr\u00fct\u00fclen \u00d6\u011fretmen Akademileri kapsam\u0131nda, \u015eehir ve K\u00fclt\u00fcr Akademisi faaliyetleri \u00e7er\u00e7evesinde &#8220;K\u00fctahya\u2019n\u0131n Kadim K\u00fclt\u00fcr\u00fc: \u00c7inicilik&#8221; ba\u015fl\u0131kl\u0131 k\u00fclt\u00fcr etkinli\u011fi ger\u00e7ekle\u015ftirildi. K\u00fctahya Olgunla\u015fma Enstit\u00fcs\u00fcn\u00fcn ev sahipli\u011finde d\u00fczenlenen programda, kentin k\u00f6kl\u00fc sanat miraslar\u0131ndan biri olan \u00e7inicilik, s\u00f6yle\u015fi ve at\u00f6lye \u00e7al\u0131\u015fmas\u0131yla ele al\u0131nd\u0131. Etkinli\u011fin a\u00e7\u0131l\u0131\u015f\u0131, \u0130l Milli E\u011fitim M\u00fcd\u00fcr Yard\u0131mc\u0131s\u0131 Mustafa Topuz taraf\u0131ndan yap\u0131ld\u0131&#8230;.<\/p>\n","protected":false},"author":1,"featured_media":76958,"comment_status":"open","ping_status":"open","sticky":false,"template":"","format":"standard","meta":{"_crdt_document":"","footnotes":""},"categories":[1],"tags":[],"class_list":["post-76957","post","type-post","status-publish","format-standard","has-post-thumbnail","hentry","category-guncel"],"_links":{"self":[{"href":"https:\/\/www.egemtv.com\/index.php?rest_route=\/wp\/v2\/posts\/76957","targetHints":{"allow":["GET"]}}],"collection":[{"href":"https:\/\/www.egemtv.com\/index.php?rest_route=\/wp\/v2\/posts"}],"about":[{"href":"https:\/\/www.egemtv.com\/index.php?rest_route=\/wp\/v2\/types\/post"}],"author":[{"embeddable":true,"href":"https:\/\/www.egemtv.com\/index.php?rest_route=\/wp\/v2\/users\/1"}],"replies":[{"embeddable":true,"href":"https:\/\/www.egemtv.com\/index.php?rest_route=%2Fwp%2Fv2%2Fcomments&post=76957"}],"version-history":[{"count":1,"href":"https:\/\/www.egemtv.com\/index.php?rest_route=\/wp\/v2\/posts\/76957\/revisions"}],"predecessor-version":[{"id":76959,"href":"https:\/\/www.egemtv.com\/index.php?rest_route=\/wp\/v2\/posts\/76957\/revisions\/76959"}],"wp:featuredmedia":[{"embeddable":true,"href":"https:\/\/www.egemtv.com\/index.php?rest_route=\/wp\/v2\/media\/76958"}],"wp:attachment":[{"href":"https:\/\/www.egemtv.com\/index.php?rest_route=%2Fwp%2Fv2%2Fmedia&parent=76957"}],"wp:term":[{"taxonomy":"category","embeddable":true,"href":"https:\/\/www.egemtv.com\/index.php?rest_route=%2Fwp%2Fv2%2Fcategories&post=76957"},{"taxonomy":"post_tag","embeddable":true,"href":"https:\/\/www.egemtv.com\/index.php?rest_route=%2Fwp%2Fv2%2Ftags&post=76957"}],"curies":[{"name":"wp","href":"https:\/\/api.w.org\/{rel}","templated":true}]}}