{"id":76954,"date":"2025-12-27T10:34:53","date_gmt":"2025-12-27T07:34:53","guid":{"rendered":"https:\/\/www.egemtv.com\/?p=76954"},"modified":"2025-12-27T10:34:53","modified_gmt":"2025-12-27T07:34:53","slug":"vali-akbiyik-baskanliginda-yeni-yil-tedbirleri-toplantisi-yapildi","status":"publish","type":"post","link":"https:\/\/www.egemtv.com\/?p=76954","title":{"rendered":"Vali Akb\u0131y\u0131k Ba\u015fkanl\u0131\u011f\u0131nda yeni y\u0131l tedbirleri toplant\u0131s\u0131 yap\u0131ld\u0131"},"content":{"rendered":"<p>Mu\u011fla Valisi  Dr. \u0130dris Akb\u0131y\u0131k ba\u015fkanl\u0131\u011f\u0131nda, vatanda\u015flar\u0131n yeni y\u0131l\u0131 huzur ve g\u00fcven ortam\u0131 i\u00e7erisinde kar\u015f\u0131lamas\u0131n\u0131 sa\u011flamak amac\u0131yla &#8220;Yeni Y\u0131l Tedbirleri Haz\u0131rl\u0131k ve Koordinasyon Toplant\u0131s\u0131&#8221; ger\u00e7ekle\u015ftirildi.<\/p>\n<p>Kaymakamlar\u0131n kat\u0131l\u0131m\u0131yla Video Konferans Sistemi (VKS) \u00fczerinden yap\u0131lan toplant\u0131da, il\u00e7e bazl\u0131 haz\u0131rl\u0131klar detayl\u0131 bir \u015fekilde ele al\u0131nd\u0131. Toplant\u0131da, sahadaki uygulamalar\u0131n b\u00fct\u00fcnc\u00fcl bir yakla\u015f\u0131mla y\u00fcr\u00fct\u00fclmesi ve kurumlar aras\u0131 e\u015fg\u00fcd\u00fcm\u00fcn en \u00fcst seviyede tutulmas\u0131 i\u00e7in ortak \u00e7al\u0131\u015fma esaslar\u0131 g\u00f6zden ge\u00e7irildi. &#8220;7\/24 G\u00f6rev Ba\u015f\u0131nday\u0131z&#8221; toplant\u0131s\u0131 kapsam\u0131nda Emniyet, Jandarma ve Sahil G\u00fcvenlik birimleri taraf\u0131ndan ba\u015fta trafik d\u00fczeni ve kamu g\u00fcvenli\u011fi olmak \u00fczere, vatanda\u015flar\u0131n yo\u011fun olarak bulundu\u011fu alanlarda al\u0131nacak \u00f6nlemler planland\u0131. Vali Akb\u0131y\u0131k, t\u00fcm birimlerin 7 g\u00fcn 24 saat esas\u0131na g\u00f6re g\u00f6revinin ba\u015f\u0131nda olaca\u011f\u0131n\u0131 vurgulayarak, halk\u0131n huzuru i\u00e7in t\u00fcm tedbirlerin titizlikle uygulanaca\u011f\u0131n\u0131 belirtti.<br \/><\/p>\n","protected":false},"excerpt":{"rendered":"<p>Mu\u011fla Valisi Dr. \u0130dris Akb\u0131y\u0131k ba\u015fkanl\u0131\u011f\u0131nda, vatanda\u015flar\u0131n yeni y\u0131l\u0131 huzur ve g\u00fcven ortam\u0131 i\u00e7erisinde kar\u015f\u0131lamas\u0131n\u0131 sa\u011flamak amac\u0131yla &#8220;Yeni Y\u0131l Tedbirleri Haz\u0131rl\u0131k ve Koordinasyon Toplant\u0131s\u0131&#8221; ger\u00e7ekle\u015ftirildi. Kaymakamlar\u0131n kat\u0131l\u0131m\u0131yla Video Konferans Sistemi (VKS) \u00fczerinden yap\u0131lan toplant\u0131da, il\u00e7e bazl\u0131 haz\u0131rl\u0131klar detayl\u0131 bir \u015fekilde ele al\u0131nd\u0131. Toplant\u0131da, sahadaki uygulamalar\u0131n b\u00fct\u00fcnc\u00fcl bir yakla\u015f\u0131mla y\u00fcr\u00fct\u00fclmesi ve kurumlar aras\u0131 e\u015fg\u00fcd\u00fcm\u00fcn en \u00fcst&#8230;<\/p>\n","protected":false},"author":1,"featured_media":76955,"comment_status":"open","ping_status":"open","sticky":false,"template":"","format":"standard","meta":{"_crdt_document":"","footnotes":""},"categories":[1],"tags":[],"class_list":["post-76954","post","type-post","status-publish","format-standard","has-post-thumbnail","hentry","category-guncel"],"_links":{"self":[{"href":"https:\/\/www.egemtv.com\/index.php?rest_route=\/wp\/v2\/posts\/76954","targetHints":{"allow":["GET"]}}],"collection":[{"href":"https:\/\/www.egemtv.com\/index.php?rest_route=\/wp\/v2\/posts"}],"about":[{"href":"https:\/\/www.egemtv.com\/index.php?rest_route=\/wp\/v2\/types\/post"}],"author":[{"embeddable":true,"href":"https:\/\/www.egemtv.com\/index.php?rest_route=\/wp\/v2\/users\/1"}],"replies":[{"embeddable":true,"href":"https:\/\/www.egemtv.com\/index.php?rest_route=%2Fwp%2Fv2%2Fcomments&post=76954"}],"version-history":[{"count":1,"href":"https:\/\/www.egemtv.com\/index.php?rest_route=\/wp\/v2\/posts\/76954\/revisions"}],"predecessor-version":[{"id":76956,"href":"https:\/\/www.egemtv.com\/index.php?rest_route=\/wp\/v2\/posts\/76954\/revisions\/76956"}],"wp:featuredmedia":[{"embeddable":true,"href":"https:\/\/www.egemtv.com\/index.php?rest_route=\/wp\/v2\/media\/76955"}],"wp:attachment":[{"href":"https:\/\/www.egemtv.com\/index.php?rest_route=%2Fwp%2Fv2%2Fmedia&parent=76954"}],"wp:term":[{"taxonomy":"category","embeddable":true,"href":"https:\/\/www.egemtv.com\/index.php?rest_route=%2Fwp%2Fv2%2Fcategories&post=76954"},{"taxonomy":"post_tag","embeddable":true,"href":"https:\/\/www.egemtv.com\/index.php?rest_route=%2Fwp%2Fv2%2Ftags&post=76954"}],"curies":[{"name":"wp","href":"https:\/\/api.w.org\/{rel}","templated":true}]}}