{"id":76951,"date":"2025-12-27T10:34:52","date_gmt":"2025-12-27T07:34:52","guid":{"rendered":"https:\/\/www.egemtv.com\/?p=76951"},"modified":"2025-12-27T10:34:53","modified_gmt":"2025-12-27T07:34:53","slug":"kutahya-resim-yarismasinda-oduller-sahiplerini-buldu","status":"publish","type":"post","link":"https:\/\/www.egemtv.com\/?p=76951","title":{"rendered":"K\u00fctahya Resim Yar\u0131\u015fmas\u0131\u2019nda \u00f6d\u00fcller sahiplerini buldu"},"content":{"rendered":"<p>K\u00fctahya Belediyesi ile K\u00fctahya K\u00fclt\u00fcr ve Sanat Derne\u011fi (K\u00dcSAD) i\u015f birli\u011finde d\u00fczenlenen &#8220;K\u00fctahya K\u00fclt\u00fcrel De\u011ferleri, Tarihi ve Do\u011fal G\u00fczellikleri Resim Yar\u0131\u015fmas\u0131&#8221;n\u0131n \u00f6d\u00fcl t\u00f6reni ve sergi a\u00e7\u0131l\u0131\u015f\u0131 ger\u00e7ekle\u015ftirildi.<br \/>\n<br \/>Belediye Fuar Salonu\u2019nda d\u00fczenlenen programa K\u00fctahya Belediye Ba\u015fkan\u0131 Ey\u00fcp Kahveci kat\u0131ld\u0131.<br \/>\n<br \/>K\u00fctahya\u2019n\u0131n tarihini, k\u00fclt\u00fcrel miras\u0131n\u0131 ve do\u011fal g\u00fczelliklerini konu alan eserlerin yer ald\u0131\u011f\u0131 sergi, sanatseverlerin yo\u011fun ilgisiyle kar\u015f\u0131land\u0131. Birbirinden de\u011ferli \u00e7al\u0131\u015fmalar, ziyaret\u00e7ilerden b\u00fcy\u00fck be\u011feni toplad\u0131.<br \/>\n<br \/>Yar\u0131\u015fma sonucunda lise \u00f6\u011frencileri kategorisinde birincilik \u00f6d\u00fcl\u00fcn\u00fc \u015eevval De\u011ferli, ikincilik \u00f6d\u00fcl\u00fcn\u00fc \u015eeyma Ku\u015f, \u00fc\u00e7\u00fcnc\u00fcl\u00fck \u00f6d\u00fcl\u00fcn\u00fc ise Naz Sezg\u00fcn kazand\u0131. Ya\u011fmur Ayd\u0131n, Eda Koca ve Said Nuri U\u011fur mansiyon \u00f6d\u00fcl\u00fcne lay\u0131k g\u00f6r\u00fcld\u00fc. \u00dcniversite \u00f6\u011frencileri ve sanat\u00e7\u0131lar kategorisinde ise birincilik \u00f6d\u00fcl\u00fc Altan \u00d6zt\u00fcrk\u2019\u00fcn olurken, ikincili\u011fi Azra Karaka\u015f, \u00fc\u00e7\u00fcnc\u00fcl\u00fc\u011f\u00fc Sinan \u0130len elde etti. Medine Soytop\u00e7u, \u0130rem G\u00fclsem ve Amil \u00dc\u00e7ba\u015f mansiyon \u00f6d\u00fcl\u00fc alan isimler aras\u0131nda yer ald\u0131.<br \/>\n<br \/>Programa; K\u00fctahya Belediye Ba\u015fkan\u0131 Ey\u00fcp Kahveci\u2019nin yan\u0131 s\u0131ra CHP K\u00fctahya \u0130l Ba\u015fkan\u0131 Tamer Yenikaya, K\u00dcSAD Ba\u015fkan\u0131 Bayram Y\u0131ld\u0131z, belediye ba\u015fkan yard\u0131mc\u0131lar\u0131, akademisyenler ve \u00e7ok say\u0131da sanatsever vatanda\u015f kat\u0131ld\u0131.<br \/><\/p>\n","protected":false},"excerpt":{"rendered":"<p>K\u00fctahya Belediyesi ile K\u00fctahya K\u00fclt\u00fcr ve Sanat Derne\u011fi (K\u00dcSAD) i\u015f birli\u011finde d\u00fczenlenen &#8220;K\u00fctahya K\u00fclt\u00fcrel De\u011ferleri, Tarihi ve Do\u011fal G\u00fczellikleri Resim Yar\u0131\u015fmas\u0131&#8221;n\u0131n \u00f6d\u00fcl t\u00f6reni ve sergi a\u00e7\u0131l\u0131\u015f\u0131 ger\u00e7ekle\u015ftirildi. Belediye Fuar Salonu\u2019nda d\u00fczenlenen programa K\u00fctahya Belediye Ba\u015fkan\u0131 Ey\u00fcp Kahveci kat\u0131ld\u0131. K\u00fctahya\u2019n\u0131n tarihini, k\u00fclt\u00fcrel miras\u0131n\u0131 ve do\u011fal g\u00fczelliklerini konu alan eserlerin yer ald\u0131\u011f\u0131 sergi, sanatseverlerin yo\u011fun ilgisiyle kar\u015f\u0131land\u0131&#8230;.<\/p>\n","protected":false},"author":1,"featured_media":76952,"comment_status":"open","ping_status":"open","sticky":false,"template":"","format":"standard","meta":{"_crdt_document":"","footnotes":""},"categories":[1],"tags":[],"class_list":["post-76951","post","type-post","status-publish","format-standard","has-post-thumbnail","hentry","category-guncel"],"_links":{"self":[{"href":"https:\/\/www.egemtv.com\/index.php?rest_route=\/wp\/v2\/posts\/76951","targetHints":{"allow":["GET"]}}],"collection":[{"href":"https:\/\/www.egemtv.com\/index.php?rest_route=\/wp\/v2\/posts"}],"about":[{"href":"https:\/\/www.egemtv.com\/index.php?rest_route=\/wp\/v2\/types\/post"}],"author":[{"embeddable":true,"href":"https:\/\/www.egemtv.com\/index.php?rest_route=\/wp\/v2\/users\/1"}],"replies":[{"embeddable":true,"href":"https:\/\/www.egemtv.com\/index.php?rest_route=%2Fwp%2Fv2%2Fcomments&post=76951"}],"version-history":[{"count":1,"href":"https:\/\/www.egemtv.com\/index.php?rest_route=\/wp\/v2\/posts\/76951\/revisions"}],"predecessor-version":[{"id":76953,"href":"https:\/\/www.egemtv.com\/index.php?rest_route=\/wp\/v2\/posts\/76951\/revisions\/76953"}],"wp:featuredmedia":[{"embeddable":true,"href":"https:\/\/www.egemtv.com\/index.php?rest_route=\/wp\/v2\/media\/76952"}],"wp:attachment":[{"href":"https:\/\/www.egemtv.com\/index.php?rest_route=%2Fwp%2Fv2%2Fmedia&parent=76951"}],"wp:term":[{"taxonomy":"category","embeddable":true,"href":"https:\/\/www.egemtv.com\/index.php?rest_route=%2Fwp%2Fv2%2Fcategories&post=76951"},{"taxonomy":"post_tag","embeddable":true,"href":"https:\/\/www.egemtv.com\/index.php?rest_route=%2Fwp%2Fv2%2Ftags&post=76951"}],"curies":[{"name":"wp","href":"https:\/\/api.w.org\/{rel}","templated":true}]}}