{"id":76948,"date":"2025-12-27T10:34:51","date_gmt":"2025-12-27T07:34:51","guid":{"rendered":"https:\/\/www.egemtv.com\/?p=76948"},"modified":"2025-12-27T10:34:52","modified_gmt":"2025-12-27T07:34:52","slug":"okul-idarecileri-mobbing-ve-akran-zorbaligi-konusunda-bilgilendirildi","status":"publish","type":"post","link":"https:\/\/www.egemtv.com\/?p=76948","title":{"rendered":"Okul idarecileri \u2019Mobbing ve Akran Zorbal\u0131\u011f\u0131 konusunda bilgilendirildi"},"content":{"rendered":"<p>Ayd\u0131n\u2019\u0131n Efeler il\u00e7esinde okul y\u00f6neticilerine y\u00f6nelik ger\u00e7ekle\u015ftirilen seminerde, mobbing ve akran zorbal\u0131\u011f\u0131na dikkat \u00e7ekildi.<\/p>\n<p>Efeler \u0130l\u00e7e Milli E\u011fitim M\u00fcd\u00fcrl\u00fc\u011f\u00fc Bilim Akademisi koordinesinde e\u011fitim \u00e7al\u0131\u015fanlar\u0131n\u0131n huzurlu bir ortamda g\u00f6rev yapmas\u0131 ve \u00f6\u011frencilerin g\u00fcvenli bir okul ikliminde yeti\u015fmesi amac\u0131yla &#8220;Mobbing ve Akran Zorbal\u0131\u011f\u0131&#8221; konulu bir seminer ger\u00e7ekle\u015ftirildi. Bilim Akademisi taraf\u0131ndan organize edilen seminere Efeler \u0130l\u00e7e Milli E\u011fitim M\u00fcd\u00fcr\u00fc Hakan \u00d6zcan ve Efeler il\u00e7esindeki resmi ve \u00f6zel e\u011fitim kurumlar\u0131 y\u00f6neticilerinin yo\u011fun kat\u0131l\u0131m sa\u011flad\u0131. A\u00e7\u0131l\u0131\u015fta konu\u015fan Efeler \u0130l\u00e7e Milli E\u011fitim M\u00fcd\u00fcr\u00fc Hakan \u00d6zcan, e\u011fitimin sadece bilgi aktar\u0131m\u0131 de\u011fil, bir \u015fahsiyet in\u015fas\u0131 oldu\u011funu belirterek &#8220;T\u00fcrkiye Y\u00fczy\u0131l\u0131 Maarif Modeli, milli ve manevi de\u011ferlerle m\u00fccehhez, erdemli insan\u0131 merkeze alan bir anlay\u0131\u015ft\u0131r. Bu modelin ruhuna uygun olarak okullar\u0131m\u0131zda sayg\u0131, sevgi ve hakkaniyeti tesis etmek, ne \u00e7al\u0131\u015fma hayat\u0131nda mobbinge ne de \u00f6\u011frencilerimiz aras\u0131nda akran zorbal\u0131\u011f\u0131na ge\u00e7it vermemek temel hedefimizdir. Bilim Akademimiz ile bu fark\u0131ndal\u0131\u011f\u0131 t\u00fcm il\u00e7emize yaymaya kararl\u0131y\u0131z&#8221; dedi.<\/p>\n<p>Program\u0131n mobbing fark\u0131ndal\u0131\u011f\u0131na ayr\u0131lan b\u00f6l\u00fcm\u00fcnde, Efeler Anadolu Lisesi M\u00fcd\u00fcr\u00fc Sava\u015f D\u00f6nmez\u2019in koordinasyonunda iki ayr\u0131 sunum ger\u00e7ekle\u015ftirildi. Program\u0131n &#8220;Teorik \u00c7er\u00e7eve ve Liderlik&#8221; ba\u015fl\u0131kl\u0131 b\u00f6l\u00fcm\u00fcnde sunum yapan Fatma Polat, mobbingin tan\u0131m\u0131 ve i\u015fleyi\u015f s\u00fcrecine ili\u015fkin bilgilendirmede bulundu. Polat, mobbingin s\u00fcreklilik, sistematik tekrar, g\u00fc\u00e7 dengesizli\u011fi ve hedef belirleme olmak \u00fczere d\u00f6rt temel \u00f6zelli\u011fe sahip oldu\u011funu ifade etti. Sunumda ayr\u0131ca y\u00f6neticilerin a\u00e7\u0131k ileti\u015fim politikalar\u0131yla g\u00fcvenli bir kurum k\u00fclt\u00fcr\u00fc olu\u015fturmadaki rol\u00fc ele al\u0131nd\u0131. &#8220;\u00d6rnek Olaylar ve Hukuki Boyut&#8221; ba\u015fl\u0131\u011f\u0131 alt\u0131nda sunum yapan Nazl\u0131 \u00d6zt\u00fcrk ise e\u011fitim camias\u0131nda ya\u015fanan ger\u00e7ek vakalar \u00fczerinden de\u011ferlendirmelerde bulundu. Ders programlar\u0131n\u0131n kas\u0131tl\u0131 olarak zorla\u015ft\u0131r\u0131lmas\u0131, sosyal izolasyon ve mesleki de\u011fersizle\u015ftirme gibi uygulamalar\u0131n yarg\u0131 s\u00fcre\u00e7lerine yans\u0131mas\u0131, Dan\u0131\u015ftay ve di\u011fer yarg\u0131 mercilerinin emsal kararlar\u0131yla kat\u0131l\u0131mc\u0131lara aktar\u0131ld\u0131.<\/p>\n<p>Seminerin ikinci ana temas\u0131nda ise Ayd\u0131n Adnan Menderes \u00dcniversitesi \u00d6\u011fretim \u00dcyesi Prof. Dr. Ali Serdar Sa\u011fkal k\u00fcrs\u00fcye \u00e7\u0131kt\u0131. Sa\u011fkal, &#8220;Akran Zorbal\u0131\u011f\u0131&#8221; konusunu akademik bir perspektifle ele alarak, zorbal\u0131k d\u00f6ng\u00fcs\u00fcn\u00fcn k\u0131r\u0131lmas\u0131, ma\u011fdur \u00f6\u011frencilere yakla\u015f\u0131m stratejileri ve okul ikliminin iyile\u015ftirilmesi i\u00e7in at\u0131lmas\u0131 gereken somut ad\u0131mlar\u0131 payla\u015ft\u0131.<\/p>\n<p>Program\u0131n sonunda \u0130l\u00e7e Milli E\u011fitim M\u00fcd\u00fcr\u00fc Hakan \u00d6zcan, programda eme\u011fi ge\u00e7en t\u00fcm konu\u015fmac\u0131lara te\u015fekk\u00fcr ederek plaket takdim etti.<br \/><\/p>\n","protected":false},"excerpt":{"rendered":"<p>Ayd\u0131n\u2019\u0131n Efeler il\u00e7esinde okul y\u00f6neticilerine y\u00f6nelik ger\u00e7ekle\u015ftirilen seminerde, mobbing ve akran zorbal\u0131\u011f\u0131na dikkat \u00e7ekildi. Efeler \u0130l\u00e7e Milli E\u011fitim M\u00fcd\u00fcrl\u00fc\u011f\u00fc Bilim Akademisi koordinesinde e\u011fitim \u00e7al\u0131\u015fanlar\u0131n\u0131n huzurlu bir ortamda g\u00f6rev yapmas\u0131 ve \u00f6\u011frencilerin g\u00fcvenli bir okul ikliminde yeti\u015fmesi amac\u0131yla &#8220;Mobbing ve Akran Zorbal\u0131\u011f\u0131&#8221; konulu bir seminer ger\u00e7ekle\u015ftirildi. Bilim Akademisi taraf\u0131ndan organize edilen seminere Efeler \u0130l\u00e7e Milli E\u011fitim&#8230;<\/p>\n","protected":false},"author":1,"featured_media":76949,"comment_status":"open","ping_status":"open","sticky":false,"template":"","format":"standard","meta":{"_crdt_document":"","footnotes":""},"categories":[1],"tags":[],"class_list":["post-76948","post","type-post","status-publish","format-standard","has-post-thumbnail","hentry","category-guncel"],"_links":{"self":[{"href":"https:\/\/www.egemtv.com\/index.php?rest_route=\/wp\/v2\/posts\/76948","targetHints":{"allow":["GET"]}}],"collection":[{"href":"https:\/\/www.egemtv.com\/index.php?rest_route=\/wp\/v2\/posts"}],"about":[{"href":"https:\/\/www.egemtv.com\/index.php?rest_route=\/wp\/v2\/types\/post"}],"author":[{"embeddable":true,"href":"https:\/\/www.egemtv.com\/index.php?rest_route=\/wp\/v2\/users\/1"}],"replies":[{"embeddable":true,"href":"https:\/\/www.egemtv.com\/index.php?rest_route=%2Fwp%2Fv2%2Fcomments&post=76948"}],"version-history":[{"count":1,"href":"https:\/\/www.egemtv.com\/index.php?rest_route=\/wp\/v2\/posts\/76948\/revisions"}],"predecessor-version":[{"id":76950,"href":"https:\/\/www.egemtv.com\/index.php?rest_route=\/wp\/v2\/posts\/76948\/revisions\/76950"}],"wp:featuredmedia":[{"embeddable":true,"href":"https:\/\/www.egemtv.com\/index.php?rest_route=\/wp\/v2\/media\/76949"}],"wp:attachment":[{"href":"https:\/\/www.egemtv.com\/index.php?rest_route=%2Fwp%2Fv2%2Fmedia&parent=76948"}],"wp:term":[{"taxonomy":"category","embeddable":true,"href":"https:\/\/www.egemtv.com\/index.php?rest_route=%2Fwp%2Fv2%2Fcategories&post=76948"},{"taxonomy":"post_tag","embeddable":true,"href":"https:\/\/www.egemtv.com\/index.php?rest_route=%2Fwp%2Fv2%2Ftags&post=76948"}],"curies":[{"name":"wp","href":"https:\/\/api.w.org\/{rel}","templated":true}]}}