{"id":76945,"date":"2025-12-27T10:34:50","date_gmt":"2025-12-27T07:34:50","guid":{"rendered":"https:\/\/www.egemtv.com\/?p=76945"},"modified":"2025-12-27T10:34:51","modified_gmt":"2025-12-27T07:34:51","slug":"ula-muhtarlar-dernegi-baskani-bavut-guven-tazeledi","status":"publish","type":"post","link":"https:\/\/www.egemtv.com\/?p=76945","title":{"rendered":"Ula Muhtarlar Derne\u011fi Ba\u015fkan\u0131 Bavut g\u00fcven tazeledi"},"content":{"rendered":"<p>Ula Muhtarlar Derne\u011fi 3. Ola\u011fan Genel Kurulunda mevcut ba\u015fkan G\u00f6kova Muhtar\u0131 Ula\u015f Bavut, tek aday olarak girdi\u011fi se\u00e7imde g\u00fcven tazeleyerek yeniden Ula Muhtarlar Derne\u011fi Ba\u015fkan\u0131 se\u00e7ildi.<br \/>\n<br \/>Ula Nail \u00c7ak\u0131rhan toplant\u0131 salonu yap\u0131lan 3. Ola\u011fan genel kurula Ula Belediye Ba\u015fkan\u0131 Mehmet Caner ve Dernek \u00fcyelerinin kat\u0131l\u0131m\u0131yla yap\u0131lan genel kurulda faaliyet ve denetim raporlar\u0131 okunarak oyland\u0131. G\u00fcndem maddelerinin g\u00f6r\u00fc\u015f\u00fclmesinin ard\u0131ndan ger\u00e7ekle\u015ftirilen se\u00e7imde tek aday olarak se\u00e7imlere kat\u0131lan mevcut Ba\u015fkan G\u00f6kova Mahallesinin gen\u00e7 muhtar\u0131 Ula\u015f Bavut, yeniden ba\u015fkanl\u0131k g\u00f6revine getirildi.<br \/>\n<br \/>Genel kurul sonras\u0131 k\u0131sa bir a\u00e7\u0131klama yapan Bavut, kendisine duyulan g\u00fcvenden dolay\u0131 \u00fcyelere te\u015fekk\u00fcr ederek, yeni d\u00f6nemde de muhtarlar\u0131n sorunlar\u0131n\u0131n \u00e7\u00f6z\u00fcm\u00fc ve dayan\u0131\u015fman\u0131n g\u00fc\u00e7lendirilmesi i\u00e7in \u00e7al\u0131\u015fmaya devam edeceklerini ifade etti. Ula\u2019n\u0131n iki kad\u0131n muhtar\u0131n\u0131n da listede yer ald\u0131\u011f\u0131 Ula Muhtarlar Derne\u011fi\u2019nin y\u00f6netim kurulu \u015fu isimlerden olu\u015ftu. Ba\u015fkan G\u00f6kova Mahalle Muhtar\u0131 Ula\u015f Bavut, Ba\u015fkan Yard\u0131mc\u0131s\u0131 Karab\u00f6rtlen Mahalle Muhtar\u0131 G\u00fcrkan Bozo\u011flu, Ba\u015fkan Yard\u0131mc\u0131s\u0131 K\u0131z\u0131la\u011fa\u00e7 Mahalle Muhtar\u0131 G\u00fcler Kele\u015f, Sekreter Demirta\u015f Mahalle Muhtar\u0131 Hakan Uslu ve Sayman K\u0131z\u0131lyaka Mahalle Muhtar\u0131 lkay Duran.<br \/><\/p>\n","protected":false},"excerpt":{"rendered":"<p>Ula Muhtarlar Derne\u011fi 3. Ola\u011fan Genel Kurulunda mevcut ba\u015fkan G\u00f6kova Muhtar\u0131 Ula\u015f Bavut, tek aday olarak girdi\u011fi se\u00e7imde g\u00fcven tazeleyerek yeniden Ula Muhtarlar Derne\u011fi Ba\u015fkan\u0131 se\u00e7ildi. Ula Nail \u00c7ak\u0131rhan toplant\u0131 salonu yap\u0131lan 3. Ola\u011fan genel kurula Ula Belediye Ba\u015fkan\u0131 Mehmet Caner ve Dernek \u00fcyelerinin kat\u0131l\u0131m\u0131yla yap\u0131lan genel kurulda faaliyet ve denetim raporlar\u0131 okunarak oyland\u0131. G\u00fcndem&#8230;<\/p>\n","protected":false},"author":1,"featured_media":76946,"comment_status":"open","ping_status":"open","sticky":false,"template":"","format":"standard","meta":{"_crdt_document":"","footnotes":""},"categories":[123],"tags":[],"class_list":["post-76945","post","type-post","status-publish","format-standard","has-post-thumbnail","hentry","category-gundem"],"_links":{"self":[{"href":"https:\/\/www.egemtv.com\/index.php?rest_route=\/wp\/v2\/posts\/76945","targetHints":{"allow":["GET"]}}],"collection":[{"href":"https:\/\/www.egemtv.com\/index.php?rest_route=\/wp\/v2\/posts"}],"about":[{"href":"https:\/\/www.egemtv.com\/index.php?rest_route=\/wp\/v2\/types\/post"}],"author":[{"embeddable":true,"href":"https:\/\/www.egemtv.com\/index.php?rest_route=\/wp\/v2\/users\/1"}],"replies":[{"embeddable":true,"href":"https:\/\/www.egemtv.com\/index.php?rest_route=%2Fwp%2Fv2%2Fcomments&post=76945"}],"version-history":[{"count":1,"href":"https:\/\/www.egemtv.com\/index.php?rest_route=\/wp\/v2\/posts\/76945\/revisions"}],"predecessor-version":[{"id":76947,"href":"https:\/\/www.egemtv.com\/index.php?rest_route=\/wp\/v2\/posts\/76945\/revisions\/76947"}],"wp:featuredmedia":[{"embeddable":true,"href":"https:\/\/www.egemtv.com\/index.php?rest_route=\/wp\/v2\/media\/76946"}],"wp:attachment":[{"href":"https:\/\/www.egemtv.com\/index.php?rest_route=%2Fwp%2Fv2%2Fmedia&parent=76945"}],"wp:term":[{"taxonomy":"category","embeddable":true,"href":"https:\/\/www.egemtv.com\/index.php?rest_route=%2Fwp%2Fv2%2Fcategories&post=76945"},{"taxonomy":"post_tag","embeddable":true,"href":"https:\/\/www.egemtv.com\/index.php?rest_route=%2Fwp%2Fv2%2Ftags&post=76945"}],"curies":[{"name":"wp","href":"https:\/\/api.w.org\/{rel}","templated":true}]}}