{"id":76939,"date":"2025-12-27T10:14:58","date_gmt":"2025-12-27T07:14:58","guid":{"rendered":"https:\/\/www.egemtv.com\/?p=76939"},"modified":"2025-12-27T10:14:59","modified_gmt":"2025-12-27T07:14:59","slug":"kutahyada-ogretmenler-orav-egitim-senliginde-bulustu","status":"publish","type":"post","link":"https:\/\/www.egemtv.com\/?p=76939","title":{"rendered":"K\u00fctahya\u2019da \u00f6\u011fretmenler \u00d6RAV e\u011fitim \u015fenli\u011finde bulu\u015ftu"},"content":{"rendered":"<p>\u00d6\u011fretmen Akademisi Vakf\u0131 (\u00d6RAV) taraf\u0131ndan \u00f6\u011fretmenlerin mesleki ve ki\u015fisel geli\u015fimlerini desteklemek amac\u0131yla T\u00fcrkiye genelinde e\u015f zamanl\u0131 olarak d\u00fczenlenen \u00d6RAV E\u011fitim \u015eenli\u011fi, K\u00fctahya\u2019da geni\u015f kat\u0131l\u0131mla ger\u00e7ekle\u015ftirildi.<br \/>\n<br \/>K\u00fctahya \u0130l Milli E\u011fitim M\u00fcd\u00fcrl\u00fc\u011f\u00fc koordinasyonunda y\u00fcr\u00fct\u00fclen \u015fenlik faaliyetleri, il merkezi ile Tav\u015fanl\u0131, Simav, Gediz ve Domani\u00e7 il\u00e7elerinde d\u00fczenlendi. Toplam 36 at\u00f6lyede y\u00fczlerce \u00f6\u011fretmen, bilgi ve deneyim payla\u015f\u0131m\u0131nda bulunarak farkl\u0131 alanlarda geli\u015fim f\u0131rsat\u0131 yakalad\u0131.<br \/>\n<br \/>K\u00fctahya \u0130l Milli E\u011fitim M\u00fcd\u00fcrl\u00fc\u011f\u00fc ile \u00d6RAV i\u015f birli\u011finde d\u00fczenlenen etkinli\u011fin a\u00e7\u0131l\u0131\u015f program\u0131na \u0130l Milli E\u011fitim M\u00fcd\u00fcr Yard\u0131mc\u0131s\u0131 Mustafa Topuz kat\u0131ld\u0131.<br \/>\n<br \/>2008 y\u0131l\u0131ndan bu yana \u00e7evrim i\u00e7i ve y\u00fcz y\u00fcze e\u011fitimler, at\u00f6lyeler ve etkinliklerle \u00f6\u011fretmenlerin geli\u015fimine katk\u0131 sunan \u00d6RAV, bug\u00fcne kadar 420 bini a\u015fk\u0131n \u00f6\u011fretmenle bir araya geldi. 2015 y\u0131l\u0131nda hayata ge\u00e7irilen ve gelenekselle\u015fen \u00d6RAV E\u011fitim \u015eenli\u011fi, \u00f6\u011fretmenler aras\u0131nda payla\u015f\u0131m ve dayan\u0131\u015fmay\u0131 art\u0131rmay\u0131 hedefliyor.<br \/>\n<br \/>\u015eenlik kapsam\u0131nda d\u00fczenlenen at\u00f6lyeler, \u00f6\u011fretmenlerin mesleki yeterliklerinin yan\u0131 s\u0131ra ki\u015fisel geli\u015fimlerini de destekleyecek \u015fekilde planland\u0131. Diksiyon, Mobil Foto\u011fraf\u00e7\u0131l\u0131k, Etkile\u015fimli Okuma, Ritim, Dijital Ka\u00e7\u0131\u015f Odas\u0131 Tasar\u0131m\u0131, Tahta Bask\u0131, Dorodango, Ek\u015fi Maya Haz\u0131rlama, Pilates ve Mutfak At\u00f6lyeleri \u00f6\u011fretmenlerden yo\u011fun ilgi g\u00f6rd\u00fc.<br \/>\n<br \/>At\u00f6lyelere kat\u0131lan \u00f6\u011fretmenler ayr\u0131ca, UNESCO onayl\u0131 Uluslararas\u0131 \u00d6\u011fretmen Kimlik Kart\u0131 (ITIC) alma imk\u00e2n\u0131ndan yararland\u0131. T\u00fcrkiye d\u00e2hil 130\u2019dan fazla \u00fclkede ge\u00e7erli olan kart; konaklama, ula\u015f\u0131m, m\u00fcze ve restoran gibi bir\u00e7ok alanda indirim avantaj\u0131 sunuyor. En az bir at\u00f6lyeye kat\u0131lan \u00f6\u011fretmenler, karttan bir y\u0131l s\u00fcreyle \u00fccretsiz faydalanabilecek.<br \/>\n<br \/>\u00d6RAV E\u011fitim \u015eenli\u011fi ile \u00f6\u011fretmenler aras\u0131nda mesleki etkile\u015fimin g\u00fc\u00e7lendirilmesi, okul d\u0131\u015f\u0131 \u00f6\u011frenme ortamlar\u0131yla ki\u015fisel ve mesleki geli\u015fimin desteklenmesi ama\u00e7lan\u0131yor.<br \/><\/p>\n","protected":false},"excerpt":{"rendered":"<p>\u00d6\u011fretmen Akademisi Vakf\u0131 (\u00d6RAV) taraf\u0131ndan \u00f6\u011fretmenlerin mesleki ve ki\u015fisel geli\u015fimlerini desteklemek amac\u0131yla T\u00fcrkiye genelinde e\u015f zamanl\u0131 olarak d\u00fczenlenen \u00d6RAV E\u011fitim \u015eenli\u011fi, K\u00fctahya\u2019da geni\u015f kat\u0131l\u0131mla ger\u00e7ekle\u015ftirildi. K\u00fctahya \u0130l Milli E\u011fitim M\u00fcd\u00fcrl\u00fc\u011f\u00fc koordinasyonunda y\u00fcr\u00fct\u00fclen \u015fenlik faaliyetleri, il merkezi ile Tav\u015fanl\u0131, Simav, Gediz ve Domani\u00e7 il\u00e7elerinde d\u00fczenlendi. Toplam 36 at\u00f6lyede y\u00fczlerce \u00f6\u011fretmen, bilgi ve deneyim payla\u015f\u0131m\u0131nda bulunarak farkl\u0131&#8230;<\/p>\n","protected":false},"author":1,"featured_media":76940,"comment_status":"open","ping_status":"open","sticky":false,"template":"","format":"standard","meta":{"_crdt_document":"","footnotes":""},"categories":[1],"tags":[],"class_list":["post-76939","post","type-post","status-publish","format-standard","has-post-thumbnail","hentry","category-guncel"],"_links":{"self":[{"href":"https:\/\/www.egemtv.com\/index.php?rest_route=\/wp\/v2\/posts\/76939","targetHints":{"allow":["GET"]}}],"collection":[{"href":"https:\/\/www.egemtv.com\/index.php?rest_route=\/wp\/v2\/posts"}],"about":[{"href":"https:\/\/www.egemtv.com\/index.php?rest_route=\/wp\/v2\/types\/post"}],"author":[{"embeddable":true,"href":"https:\/\/www.egemtv.com\/index.php?rest_route=\/wp\/v2\/users\/1"}],"replies":[{"embeddable":true,"href":"https:\/\/www.egemtv.com\/index.php?rest_route=%2Fwp%2Fv2%2Fcomments&post=76939"}],"version-history":[{"count":1,"href":"https:\/\/www.egemtv.com\/index.php?rest_route=\/wp\/v2\/posts\/76939\/revisions"}],"predecessor-version":[{"id":76941,"href":"https:\/\/www.egemtv.com\/index.php?rest_route=\/wp\/v2\/posts\/76939\/revisions\/76941"}],"wp:featuredmedia":[{"embeddable":true,"href":"https:\/\/www.egemtv.com\/index.php?rest_route=\/wp\/v2\/media\/76940"}],"wp:attachment":[{"href":"https:\/\/www.egemtv.com\/index.php?rest_route=%2Fwp%2Fv2%2Fmedia&parent=76939"}],"wp:term":[{"taxonomy":"category","embeddable":true,"href":"https:\/\/www.egemtv.com\/index.php?rest_route=%2Fwp%2Fv2%2Fcategories&post=76939"},{"taxonomy":"post_tag","embeddable":true,"href":"https:\/\/www.egemtv.com\/index.php?rest_route=%2Fwp%2Fv2%2Ftags&post=76939"}],"curies":[{"name":"wp","href":"https:\/\/api.w.org\/{rel}","templated":true}]}}