{"id":76933,"date":"2025-12-27T09:55:43","date_gmt":"2025-12-27T06:55:43","guid":{"rendered":"https:\/\/www.egemtv.com\/?p=76933"},"modified":"2025-12-27T09:55:44","modified_gmt":"2025-12-27T06:55:44","slug":"kis-ortasinda-havuz-keyfi","status":"publish","type":"post","link":"https:\/\/www.egemtv.com\/?p=76933","title":{"rendered":"K\u0131\u015f ortas\u0131nda havuz keyfi"},"content":{"rendered":"<p>T\u00fcrkiye turizm sekt\u00f6r\u00fcn\u00fcn son y\u0131llardaki en b\u00fcy\u00fck yat\u0131r\u0131mlar\u0131ndan biri olan ve turizm d\u00f6nemini 12 aya yayan K\u0131z\u0131lb\u00fck\u2019te tatil yapan turistler k\u0131\u015f ortas\u0131nda denizin dibindeki havuzlarda y\u00fczmenin keyfini ya\u015f\u0131yor. Deniz suyu s\u0131cakl\u0131\u011f\u0131n\u0131n 24 havuz suyu s\u0131cakl\u0131\u011f\u0131n\u0131n ise 28 derece oldu\u011fu K\u0131z\u0131lb\u00fck\u2019teki tesislerde yazdan kalma manzaralar g\u00f6renleri \u015fa\u015f\u0131rt\u0131yor.<br \/>\n<br \/>T\u00fcrkiye turizm sekt\u00f6r\u00fcn\u00fcn son y\u0131llardaki en b\u00fcy\u00fck yat\u0131r\u0131mlar\u0131ndan biri olan ve turizm d\u00f6nemini 12 aya yayan K\u0131z\u0131lb\u00fck GYO projesi Marmaris\u2019teki hareketlili\u011fi artt\u0131rd\u0131. 5 y\u0131ld\u0131zl\u0131 otel konforundaki tesislerin hizmet vermeye ba\u015flamas\u0131 ile b\u00f6lgeye gelen turistle k\u0131\u015f ortas\u0131nda bile a\u00e7\u0131k alanda havuz keyfi ya\u015famaya ba\u015flad\u0131.<br \/>\n<br \/>&#8220;\u00d6n\u00fcm\u00fczdeki k\u0131\u015f sezonunda y\u00fczde 100 art\u0131\u015f bekliyoruz&#8221;<br \/>\n<br \/>Proje tam olarak tamamlanmamas\u0131na ra\u011fmen \u015fu anda b\u00fcy\u00fck \u00e7o\u011funlu\u011fu yerli olmak \u00fczere bin ki\u015finin \u00fczerinde turistin K\u0131z\u0131lb\u00fck GYO\u2019da tatil yapt\u0131\u011f\u0131n\u0131 belirten Genel M\u00fcd\u00fcr Mahmut Sefa \u00c7elik, &#8220;K\u0131z\u0131lb\u00fck Thermal Wellness Resort olarak ilk k\u0131\u015f sezonumuza ba\u015flad\u0131k. Tesisimizde 500 ki\u015fi hizmet sekt\u00f6r\u00fcnde \u00e7al\u0131\u015fan olmak \u00fczere yakla\u015f\u0131k 2 bin ki\u015fi bulunuyor. Kurum olarak T\u00fcrk turizmini sadece yaz d\u00f6neminde deniz, kum ve g\u00fcne\u015f anlay\u0131\u015f\u0131na s\u0131k\u0131\u015fm\u0131\u015fl\u0131ktan kurtarmak istiyoruz. \u0130klimi, bitki \u00f6rt\u00fcs\u00fc tarihi ve do\u011fal g\u00fczelliklerimizi de\u011ferlendirdi\u011fimizde ba\u015fta Ege k\u0131y\u0131lar\u0131 olmak \u00fczere T\u00fcrkiye\u2019de turizmin y\u0131l\u0131n 12 ay\u0131na yay\u0131lmas\u0131 gayet m\u00fcmk\u00fcn. Tesislerimize gelip tatil yapanlar aral\u0131k ay\u0131nda denize ve havuza girip k\u0131\u015f ortas\u0131nda suyun keyfini ya\u015fayabiliyor. Bir sonraki k\u0131\u015f sezonunda gelen turist say\u0131s\u0131nda y\u00fczde 100 art\u0131\u015f bekliyoruz&#8221; dedi.<br \/>\n<br \/>Turizm sekt\u00f6r\u00fcnde bug\u00fcne kadar genellikle yaz d\u00f6nemine odaklan\u0131ld\u0131\u011f\u0131n\u0131 ve bu d\u00f6neminde 3 ay\u0131n\u0131n verimli olan bir sezonu kapsad\u0131\u011f\u0131n\u0131 kaydeden \u00c7elik, &#8220;Maalesef iklimi ve termal k\u0131ymetlerimizi yeterince de\u011fere d\u00f6n\u00fc\u015ft\u00fcrememi\u015fiz. Tarihe bakt\u0131\u011f\u0131m\u0131zda bu topraklarda termal kaynak var ve de\u011ferlendirilmi\u015f. Ancak g\u00fcn\u00fcm\u00fczde bu termal kaynaklardan yeterince faydalanamad\u0131\u011f\u0131m\u0131z\u0131 g\u00f6r\u00fcyoruz. \u015eu anda K\u0131z\u0131lb\u00fck\u2019te bir yandan termal havuzlarda  di\u011fer yandan da 20 derecenin \u00fczerinde olan deniz suyunu 28 dereceye y\u00fckselterek a\u00e7\u0131k alanda misafirlerimizin havuz keyfi ya\u015famas\u0131n\u0131 sa\u011fl\u0131yoruz&#8221; dedi.<br \/>\n<br \/>K\u0131\u015f ortas\u0131nda deniz ve havuz keyfi ya\u015faman\u0131n farkl\u0131 bir duygu oldu\u011funu belirten vatanda\u015flar, verdi\u011fi hizmetten dolay\u0131 K\u0131z\u0131lb\u00fck GYO tesislerine te\u015fekk\u00fcr ettiler.<br \/><\/p>\n","protected":false},"excerpt":{"rendered":"<p>T\u00fcrkiye turizm sekt\u00f6r\u00fcn\u00fcn son y\u0131llardaki en b\u00fcy\u00fck yat\u0131r\u0131mlar\u0131ndan biri olan ve turizm d\u00f6nemini 12 aya yayan K\u0131z\u0131lb\u00fck\u2019te tatil yapan turistler k\u0131\u015f ortas\u0131nda denizin dibindeki havuzlarda y\u00fczmenin keyfini ya\u015f\u0131yor. Deniz suyu s\u0131cakl\u0131\u011f\u0131n\u0131n 24 havuz suyu s\u0131cakl\u0131\u011f\u0131n\u0131n ise 28 derece oldu\u011fu K\u0131z\u0131lb\u00fck\u2019teki tesislerde yazdan kalma manzaralar g\u00f6renleri \u015fa\u015f\u0131rt\u0131yor. T\u00fcrkiye turizm sekt\u00f6r\u00fcn\u00fcn son y\u0131llardaki en b\u00fcy\u00fck yat\u0131r\u0131mlar\u0131ndan biri&#8230;<\/p>\n","protected":false},"author":1,"featured_media":76934,"comment_status":"open","ping_status":"open","sticky":false,"template":"","format":"standard","meta":{"_crdt_document":"","footnotes":""},"categories":[1],"tags":[],"class_list":["post-76933","post","type-post","status-publish","format-standard","has-post-thumbnail","hentry","category-guncel"],"_links":{"self":[{"href":"https:\/\/www.egemtv.com\/index.php?rest_route=\/wp\/v2\/posts\/76933","targetHints":{"allow":["GET"]}}],"collection":[{"href":"https:\/\/www.egemtv.com\/index.php?rest_route=\/wp\/v2\/posts"}],"about":[{"href":"https:\/\/www.egemtv.com\/index.php?rest_route=\/wp\/v2\/types\/post"}],"author":[{"embeddable":true,"href":"https:\/\/www.egemtv.com\/index.php?rest_route=\/wp\/v2\/users\/1"}],"replies":[{"embeddable":true,"href":"https:\/\/www.egemtv.com\/index.php?rest_route=%2Fwp%2Fv2%2Fcomments&post=76933"}],"version-history":[{"count":1,"href":"https:\/\/www.egemtv.com\/index.php?rest_route=\/wp\/v2\/posts\/76933\/revisions"}],"predecessor-version":[{"id":76935,"href":"https:\/\/www.egemtv.com\/index.php?rest_route=\/wp\/v2\/posts\/76933\/revisions\/76935"}],"wp:featuredmedia":[{"embeddable":true,"href":"https:\/\/www.egemtv.com\/index.php?rest_route=\/wp\/v2\/media\/76934"}],"wp:attachment":[{"href":"https:\/\/www.egemtv.com\/index.php?rest_route=%2Fwp%2Fv2%2Fmedia&parent=76933"}],"wp:term":[{"taxonomy":"category","embeddable":true,"href":"https:\/\/www.egemtv.com\/index.php?rest_route=%2Fwp%2Fv2%2Fcategories&post=76933"},{"taxonomy":"post_tag","embeddable":true,"href":"https:\/\/www.egemtv.com\/index.php?rest_route=%2Fwp%2Fv2%2Ftags&post=76933"}],"curies":[{"name":"wp","href":"https:\/\/api.w.org\/{rel}","templated":true}]}}