{"id":76930,"date":"2025-12-27T09:55:42","date_gmt":"2025-12-27T06:55:42","guid":{"rendered":"https:\/\/www.egemtv.com\/?p=76930"},"modified":"2025-12-27T09:55:43","modified_gmt":"2025-12-27T06:55:43","slug":"devasa-cukur-kazip-tarihi-eser-aradilar","status":"publish","type":"post","link":"https:\/\/www.egemtv.com\/?p=76930","title":{"rendered":"Devasa \u00e7ukur kaz\u0131p tarihi eser arad\u0131lar"},"content":{"rendered":"<p>DEN\u0130ZL\u0130 (\u0130HA) \u2013 Denizli\u2019nin Buldan il\u00e7esinde 30 metrelik devasa \u00e7ukur a\u00e7\u0131p tarihi eser arayan \u015f\u00fcpheliler, \u0130l\u00e7e Jandarma Komutanl\u0131\u011f\u0131 ekipleri taraf\u0131ndan su\u00e7\u00fcst\u00fc yakalad\u0131.<\/p>\n<p>Edinilen bilgiye g\u00f6re; Buldan \u0130l\u00e7e Jandarma Komutanl\u0131\u011f\u0131 taraf\u0131ndan O\u011fuz Mahallesi Hay\u0131tucu mevkiinde ka\u00e7ak kaz\u0131c\u0131lara y\u00f6nelik operasyon yap\u0131ld\u0131. Yap\u0131lan operasyonda kaz\u0131lan b\u00f6lgenin \u00e7evre geni\u015fli\u011fi ve derinli\u011fi dikkat \u00e7ekti. 20 metrekarelik alanda yap\u0131lan kaz\u0131da, kurulan d\u00fczenek ve ekipmanlarla yakla\u015f\u0131k 30 metre derinli\u011fe inildi\u011fi g\u00f6zlendi. Yap\u0131lan operasyonda iki \u015fah\u0131s su\u00e7\u00fcst\u00fc yakalan\u0131rken soru\u015fturman\u0131n devam etti\u011fi \u00f6\u011frenildi.<br \/><\/p>\n","protected":false},"excerpt":{"rendered":"<p>DEN\u0130ZL\u0130 (\u0130HA) \u2013 Denizli\u2019nin Buldan il\u00e7esinde 30 metrelik devasa \u00e7ukur a\u00e7\u0131p tarihi eser arayan \u015f\u00fcpheliler, \u0130l\u00e7e Jandarma Komutanl\u0131\u011f\u0131 ekipleri taraf\u0131ndan su\u00e7\u00fcst\u00fc yakalad\u0131. Edinilen bilgiye g\u00f6re; Buldan \u0130l\u00e7e Jandarma Komutanl\u0131\u011f\u0131 taraf\u0131ndan O\u011fuz Mahallesi Hay\u0131tucu mevkiinde ka\u00e7ak kaz\u0131c\u0131lara y\u00f6nelik operasyon yap\u0131ld\u0131. Yap\u0131lan operasyonda kaz\u0131lan b\u00f6lgenin \u00e7evre geni\u015fli\u011fi ve derinli\u011fi dikkat \u00e7ekti. 20 metrekarelik alanda yap\u0131lan kaz\u0131da, kurulan&#8230;<\/p>\n","protected":false},"author":1,"featured_media":76931,"comment_status":"open","ping_status":"open","sticky":false,"template":"","format":"standard","meta":{"_crdt_document":"","footnotes":""},"categories":[5],"tags":[],"class_list":["post-76930","post","type-post","status-publish","format-standard","has-post-thumbnail","hentry","category-asayis"],"_links":{"self":[{"href":"https:\/\/www.egemtv.com\/index.php?rest_route=\/wp\/v2\/posts\/76930","targetHints":{"allow":["GET"]}}],"collection":[{"href":"https:\/\/www.egemtv.com\/index.php?rest_route=\/wp\/v2\/posts"}],"about":[{"href":"https:\/\/www.egemtv.com\/index.php?rest_route=\/wp\/v2\/types\/post"}],"author":[{"embeddable":true,"href":"https:\/\/www.egemtv.com\/index.php?rest_route=\/wp\/v2\/users\/1"}],"replies":[{"embeddable":true,"href":"https:\/\/www.egemtv.com\/index.php?rest_route=%2Fwp%2Fv2%2Fcomments&post=76930"}],"version-history":[{"count":1,"href":"https:\/\/www.egemtv.com\/index.php?rest_route=\/wp\/v2\/posts\/76930\/revisions"}],"predecessor-version":[{"id":76932,"href":"https:\/\/www.egemtv.com\/index.php?rest_route=\/wp\/v2\/posts\/76930\/revisions\/76932"}],"wp:featuredmedia":[{"embeddable":true,"href":"https:\/\/www.egemtv.com\/index.php?rest_route=\/wp\/v2\/media\/76931"}],"wp:attachment":[{"href":"https:\/\/www.egemtv.com\/index.php?rest_route=%2Fwp%2Fv2%2Fmedia&parent=76930"}],"wp:term":[{"taxonomy":"category","embeddable":true,"href":"https:\/\/www.egemtv.com\/index.php?rest_route=%2Fwp%2Fv2%2Fcategories&post=76930"},{"taxonomy":"post_tag","embeddable":true,"href":"https:\/\/www.egemtv.com\/index.php?rest_route=%2Fwp%2Fv2%2Ftags&post=76930"}],"curies":[{"name":"wp","href":"https:\/\/api.w.org\/{rel}","templated":true}]}}