{"id":76927,"date":"2025-12-27T09:55:41","date_gmt":"2025-12-27T06:55:41","guid":{"rendered":"https:\/\/www.egemtv.com\/?p=76927"},"modified":"2025-12-27T09:55:42","modified_gmt":"2025-12-27T06:55:42","slug":"aydinda-bisikletcilerin-sorunlari-gorusuldu","status":"publish","type":"post","link":"https:\/\/www.egemtv.com\/?p=76927","title":{"rendered":"Ayd\u0131n\u2019da bisiklet\u00e7ilerin sorunlar\u0131 g\u00f6r\u00fc\u015f\u00fcld\u00fc"},"content":{"rendered":"<p>Ayd\u0131n\u2019da Gen\u00e7lik ve Spor \u0130l M\u00fcd\u00fcr\u00fc Serhat Y\u0131\u011fmatepe ile bir araya gelen bisiklet\u00e7iler, sorun ve \u00e7\u00f6z\u00fcm \u00f6nerilerini g\u00f6r\u00fc\u015ft\u00fc.<br \/>\n<br \/>Ayd\u0131n Gen\u00e7lik ve Spor \u0130l M\u00fcd\u00fcrl\u00fc\u011f\u00fc koordinasyonunda Bisiklet \u0130l Temsilcili\u011fi, bisiklet kul\u00fcplerinin temsilcileri, bisiklet dernekleri ve sporcular\u0131n kat\u0131l\u0131m\u0131yla bisiklet bran\u015f\u0131n\u0131n 2025 y\u0131l\u0131 de\u011ferlendirme toplant\u0131s\u0131 ger\u00e7ekle\u015ftirildi. Toplant\u0131da, 2025 y\u0131l\u0131 i\u00e7erisinde bisiklet bran\u015f\u0131nda elde edilen sportif ba\u015far\u0131lar ele al\u0131n\u0131rken, faaliyet s\u00fcrecinde kar\u015f\u0131la\u015f\u0131lan sorunlar ve bu sorunlara y\u00f6nelik \u00e7\u00f6z\u00fcm \u00f6nerileri de g\u00f6r\u00fc\u015f\u00fcld\u00fc. Kat\u0131l\u0131mc\u0131lar\u0131n g\u00f6r\u00fc\u015f ve \u00f6nerilerinin al\u0131nd\u0131\u011f\u0131 toplant\u0131da, il genelinde bisiklet sporunun geli\u015fimine y\u00f6nelik yap\u0131labilecek \u00e7al\u0131\u015fmalar de\u011ferlendirildi. De\u011ferlendirme toplant\u0131s\u0131, kar\u015f\u0131l\u0131kl\u0131 fikir al\u0131\u015fveri\u015finin ard\u0131ndan sona erdi.<br \/><\/p>\n","protected":false},"excerpt":{"rendered":"<p>Ayd\u0131n\u2019da Gen\u00e7lik ve Spor \u0130l M\u00fcd\u00fcr\u00fc Serhat Y\u0131\u011fmatepe ile bir araya gelen bisiklet\u00e7iler, sorun ve \u00e7\u00f6z\u00fcm \u00f6nerilerini g\u00f6r\u00fc\u015ft\u00fc. Ayd\u0131n Gen\u00e7lik ve Spor \u0130l M\u00fcd\u00fcrl\u00fc\u011f\u00fc koordinasyonunda Bisiklet \u0130l Temsilcili\u011fi, bisiklet kul\u00fcplerinin temsilcileri, bisiklet dernekleri ve sporcular\u0131n kat\u0131l\u0131m\u0131yla bisiklet bran\u015f\u0131n\u0131n 2025 y\u0131l\u0131 de\u011ferlendirme toplant\u0131s\u0131 ger\u00e7ekle\u015ftirildi. Toplant\u0131da, 2025 y\u0131l\u0131 i\u00e7erisinde bisiklet bran\u015f\u0131nda elde edilen sportif ba\u015far\u0131lar ele al\u0131n\u0131rken,&#8230;<\/p>\n","protected":false},"author":1,"featured_media":76928,"comment_status":"open","ping_status":"open","sticky":false,"template":"","format":"standard","meta":{"_crdt_document":"","footnotes":""},"categories":[1],"tags":[],"class_list":["post-76927","post","type-post","status-publish","format-standard","has-post-thumbnail","hentry","category-guncel"],"_links":{"self":[{"href":"https:\/\/www.egemtv.com\/index.php?rest_route=\/wp\/v2\/posts\/76927","targetHints":{"allow":["GET"]}}],"collection":[{"href":"https:\/\/www.egemtv.com\/index.php?rest_route=\/wp\/v2\/posts"}],"about":[{"href":"https:\/\/www.egemtv.com\/index.php?rest_route=\/wp\/v2\/types\/post"}],"author":[{"embeddable":true,"href":"https:\/\/www.egemtv.com\/index.php?rest_route=\/wp\/v2\/users\/1"}],"replies":[{"embeddable":true,"href":"https:\/\/www.egemtv.com\/index.php?rest_route=%2Fwp%2Fv2%2Fcomments&post=76927"}],"version-history":[{"count":1,"href":"https:\/\/www.egemtv.com\/index.php?rest_route=\/wp\/v2\/posts\/76927\/revisions"}],"predecessor-version":[{"id":76929,"href":"https:\/\/www.egemtv.com\/index.php?rest_route=\/wp\/v2\/posts\/76927\/revisions\/76929"}],"wp:featuredmedia":[{"embeddable":true,"href":"https:\/\/www.egemtv.com\/index.php?rest_route=\/wp\/v2\/media\/76928"}],"wp:attachment":[{"href":"https:\/\/www.egemtv.com\/index.php?rest_route=%2Fwp%2Fv2%2Fmedia&parent=76927"}],"wp:term":[{"taxonomy":"category","embeddable":true,"href":"https:\/\/www.egemtv.com\/index.php?rest_route=%2Fwp%2Fv2%2Fcategories&post=76927"},{"taxonomy":"post_tag","embeddable":true,"href":"https:\/\/www.egemtv.com\/index.php?rest_route=%2Fwp%2Fv2%2Ftags&post=76927"}],"curies":[{"name":"wp","href":"https:\/\/api.w.org\/{rel}","templated":true}]}}