{"id":76924,"date":"2025-12-27T09:34:57","date_gmt":"2025-12-27T06:34:57","guid":{"rendered":"https:\/\/www.egemtv.com\/?p=76924"},"modified":"2025-12-27T09:34:58","modified_gmt":"2025-12-27T06:34:58","slug":"ahmet-dedenin-nazilli-koca-cami-avlusuna-sigan-63-yillik-omru","status":"publish","type":"post","link":"https:\/\/www.egemtv.com\/?p=76924","title":{"rendered":"Ahmet Dede\u2019nin Nazilli Koca Cami avlusuna s\u0131\u011fan 63 y\u0131ll\u0131k \u00f6mr\u00fc"},"content":{"rendered":"<p>Ayd\u0131n\u2019\u0131n Nazilli il\u00e7esinde bulunan 1453 y\u0131l\u0131 yap\u0131m\u0131 merkez Koca Camii\u2019nde 1967 y\u0131l\u0131ndan 2005 y\u0131l\u0131na kadar g\u00f6rev yapan Ahmet Avc\u0131, emekli olmas\u0131na ra\u011fmen tam 20 y\u0131ld\u0131r her g\u00fcn eski g\u00f6rev yerine gelip g\u00f6n\u00fcll\u00fc olarak vazifesini s\u00fcrd\u00fcr\u00fcyor. \u00d6mr\u00fcn\u00fcn sonuna kadar sa\u011fl\u0131\u011f\u0131 elverdi\u011fi s\u00fcrece haf\u0131z yeti\u015ftirmeye ve insanlara Kur\u2019an-\u0131 Kerim\u2019i okumay\u0131 \u00f6\u011fretmeye devam etmek istedi\u011fini belirten 78 ya\u015f\u0131ndaki Haf\u0131z Ahmet Avc\u0131, tek iste\u011finin bu yolda son nefesini vermek oldu\u011funu s\u00f6yledi.<br \/>\n<br \/>Nazilli il\u00e7esine ba\u011fl\u0131 Samaili K\u00f6y\u00fc\u2019nden 1963 y\u0131l\u0131nda Kur\u2019an-\u0131 Kerim okumas\u0131n\u0131 \u00f6\u011frenmek ve haf\u0131z olmak i\u00e7in Nazilli Koca Cami avlusunda bulunan Kur\u2019an Kursu\u2019na gelen Haf\u0131z Ahmet Avc\u0131, 78 y\u0131ll\u0131k \u00f6mr\u00fcn\u00fcn 68 y\u0131l\u0131n\u0131 Koca Camii avlusunda ge\u00e7irdi. 35 y\u0131l 11 ay resmi g\u00f6revli olarak vazife yapan Kurra Haf\u0131z Ahmet Avc\u0131, 2005 y\u0131l\u0131ndan bu yana g\u00f6n\u00fcll\u00fc olarak hizmet veriyor.<br \/>\n<br \/>Her g\u00fcn sabah namaz\u0131 ile birlikte cami avlusunda bulunan Nazilli Kur\u2019an Kursu Yapt\u0131rma ve Ya\u015fatma Derne\u011fi\u2019ni a\u00e7\u0131p yats\u0131 namaz\u0131na kadar g\u00f6n\u00fcll\u00fc olarak \u00f6\u011frencisinden emeklisine kadar isteyen herkese Kur\u2019an-Kerim \u00f6\u011freten ve haf\u0131zl\u0131k \u00e7al\u0131\u015fanlar\u0131n da dersini dinleyen Ahmet Avc\u0131, en b\u00fcy\u00fck arzusunun Kur\u2019an hizmeti verirken \u00f6lmek oldu\u011funu belirtti.<br \/><\/p>\n","protected":false},"excerpt":{"rendered":"<p>Ayd\u0131n\u2019\u0131n Nazilli il\u00e7esinde bulunan 1453 y\u0131l\u0131 yap\u0131m\u0131 merkez Koca Camii\u2019nde 1967 y\u0131l\u0131ndan 2005 y\u0131l\u0131na kadar g\u00f6rev yapan Ahmet Avc\u0131, emekli olmas\u0131na ra\u011fmen tam 20 y\u0131ld\u0131r her g\u00fcn eski g\u00f6rev yerine gelip g\u00f6n\u00fcll\u00fc olarak vazifesini s\u00fcrd\u00fcr\u00fcyor. \u00d6mr\u00fcn\u00fcn sonuna kadar sa\u011fl\u0131\u011f\u0131 elverdi\u011fi s\u00fcrece haf\u0131z yeti\u015ftirmeye ve insanlara Kur\u2019an-\u0131 Kerim\u2019i okumay\u0131 \u00f6\u011fretmeye devam etmek istedi\u011fini belirten 78 ya\u015f\u0131ndaki&#8230;<\/p>\n","protected":false},"author":1,"featured_media":76925,"comment_status":"open","ping_status":"open","sticky":false,"template":"","format":"standard","meta":{"_crdt_document":"","footnotes":""},"categories":[123],"tags":[],"class_list":["post-76924","post","type-post","status-publish","format-standard","has-post-thumbnail","hentry","category-gundem"],"_links":{"self":[{"href":"https:\/\/www.egemtv.com\/index.php?rest_route=\/wp\/v2\/posts\/76924","targetHints":{"allow":["GET"]}}],"collection":[{"href":"https:\/\/www.egemtv.com\/index.php?rest_route=\/wp\/v2\/posts"}],"about":[{"href":"https:\/\/www.egemtv.com\/index.php?rest_route=\/wp\/v2\/types\/post"}],"author":[{"embeddable":true,"href":"https:\/\/www.egemtv.com\/index.php?rest_route=\/wp\/v2\/users\/1"}],"replies":[{"embeddable":true,"href":"https:\/\/www.egemtv.com\/index.php?rest_route=%2Fwp%2Fv2%2Fcomments&post=76924"}],"version-history":[{"count":1,"href":"https:\/\/www.egemtv.com\/index.php?rest_route=\/wp\/v2\/posts\/76924\/revisions"}],"predecessor-version":[{"id":76926,"href":"https:\/\/www.egemtv.com\/index.php?rest_route=\/wp\/v2\/posts\/76924\/revisions\/76926"}],"wp:featuredmedia":[{"embeddable":true,"href":"https:\/\/www.egemtv.com\/index.php?rest_route=\/wp\/v2\/media\/76925"}],"wp:attachment":[{"href":"https:\/\/www.egemtv.com\/index.php?rest_route=%2Fwp%2Fv2%2Fmedia&parent=76924"}],"wp:term":[{"taxonomy":"category","embeddable":true,"href":"https:\/\/www.egemtv.com\/index.php?rest_route=%2Fwp%2Fv2%2Fcategories&post=76924"},{"taxonomy":"post_tag","embeddable":true,"href":"https:\/\/www.egemtv.com\/index.php?rest_route=%2Fwp%2Fv2%2Ftags&post=76924"}],"curies":[{"name":"wp","href":"https:\/\/api.w.org\/{rel}","templated":true}]}}