{"id":76921,"date":"2025-12-27T09:34:57","date_gmt":"2025-12-27T06:34:57","guid":{"rendered":"https:\/\/www.egemtv.com\/?p=76921"},"modified":"2025-12-27T09:34:57","modified_gmt":"2025-12-27T06:34:57","slug":"denizli-ekonomisi-yili-guclu-verilerle-kapatiyor","status":"publish","type":"post","link":"https:\/\/www.egemtv.com\/?p=76921","title":{"rendered":"Denizli ekonomisi y\u0131l\u0131 g\u00fc\u00e7l\u00fc verilerle kapat\u0131yor"},"content":{"rendered":"<p>Denizli Ticaret Odas\u0131\u2019n\u0131n (DTO) ayl\u0131k ola\u011fan meclis toplant\u0131s\u0131nda konu\u015fan DTO Ba\u015fkan\u0131 U\u011fur Erdo\u011fan, meclis \u00fcyeleriyle Denizli ekonomisine ili\u015fkin g\u00fcncel verileri payla\u015ft\u0131. Odalar\u0131n\u0131n evrak baz\u0131nda ge\u00e7en y\u0131la oranla i\u015flem hacminde y\u00fczde 40\u2019l\u0131k art\u0131\u015fa ula\u015ft\u0131\u011f\u0131n\u0131 a\u00e7\u0131klad\u0131. \u00dcst\u00fcn emek ve gayretlerinden dolay\u0131 \u00fcyeleri ile odalar\u0131n\u0131n \u00e7al\u0131\u015fanlar\u0131na te\u015fekk\u00fcr etti ve yeni y\u0131llar\u0131n\u0131 kutlad\u0131. Bu arada, odadaki g\u00f6revlerinde 10, 20 ve 30 y\u0131l\u0131 geride b\u0131rakan meclis \u00fcyelerine de birer plaket ile te\u015fekk\u00fcr edildi.<\/p>\n<p>Denizli Ticaret Odas\u0131 Meclisi\u2019nin aral\u0131k ay\u0131 toplant\u0131s\u0131 Meclis Ba\u015fkan\u0131 Salih Sar\u0131kaya\u2019n\u0131n idaresinde ger\u00e7ekle\u015ftirildi. DTO Y\u00f6netim Kurulu Ba\u015fkan\u0131 U\u011fur Erdo\u011fan, odalar\u0131n\u0131n faaliyetleri ve sosyoekonomik geli\u015fmelerle ilgili yapt\u0131\u011f\u0131 ayl\u0131k de\u011ferlendirme konu\u015fmas\u0131nda, i\u015f d\u00fcnyas\u0131n\u0131n genel gidi\u015fat\u0131na ili\u015fkin g\u00f6stergelerden de bahsetti. Kar\u015f\u0131l\u0131ks\u0131z \u00e7ek say\u0131s\u0131nda \u00f6nemli bir gerileme ya\u015fand\u0131\u011f\u0131na dikkat \u00e7ekti. Ekim ay\u0131nda kar\u015f\u0131l\u0131ks\u0131z \u00e7ek say\u0131s\u0131n\u0131n bir \u00f6nceki aya g\u00f6re y\u00fczde 27,16 azald\u0131\u011f\u0131n\u0131, tutar baz\u0131nda da y\u00fczde 18,78\u2019lik bir d\u00fc\u015f\u00fc\u015f ger\u00e7ekle\u015fti\u011fini kaydetti.<\/p>\n<p>DTO\u2019nun \u00fcye say\u0131s\u0131, artmaya devam ediyor<br \/>\n<br \/>Ba\u015fkan Erdo\u011fan, meclis \u00fcyelerini DTO\u2019nun \u00fcye yap\u0131s\u0131 hakk\u0131nda da bilgilendirdi. Son bir ayda 138 yeni \u00fcye kaydettiklerini, 53 firman\u0131n ise kayd\u0131n\u0131 sildirdi\u011fini, 9 firman\u0131n da tasfiye s\u00fcrecine girdi\u011fini belirtti. Kas\u0131m ay\u0131 sonu itibar\u0131yla odalar\u0131n\u0131n \u00fcye say\u0131s\u0131n\u0131n 23 bin 364\u2019e ula\u015ft\u0131\u011f\u0131n\u0131 ve y\u00fczde 4,35 art\u0131\u015fla son bir y\u0131lda 974 yeni \u00fcye kazand\u0131klar\u0131n\u0131 da a\u00e7\u0131klad\u0131.<\/p>\n<p>Denizli 16. s\u0131rada<br \/>\n<br \/>Konu\u015fmas\u0131nda T\u00fcrkiye Odalar ve Borsalar Birli\u011fi (TOBB) verilerine de de\u011finen Ba\u015fkan Erdo\u011fan, y\u0131l\u0131n ilk 10 ay\u0131nda kurulan 253 ger\u00e7ek ki\u015fi stat\u00fcs\u00fcndeki i\u015fletme ile Denizli\u2019nin iller aras\u0131nda 16\u2019nc\u0131 s\u0131rada yer ald\u0131\u011f\u0131n\u0131 s\u00f6yledi. Ayr\u0131ca, firma kurulu\u015f ve terkinlerine ili\u015fkin verileri de payla\u015fan Erdo\u011fan, y\u0131l\u0131n ilk 11 ay\u0131nda en fazla firma kayd\u0131n\u0131n ikamet ama\u00e7l\u0131 binalar\u0131n in\u015faat\u0131, e-ticaret, gayrimenkul arac\u0131l\u0131k hizmetleri, ev tekstili toptan ticareti ile bakkal ve marketlerde perakende ticaret alanlar\u0131nda ger\u00e7ekle\u015fti\u011fini aktard\u0131. Ayn\u0131 d\u00f6nemde en fazla firman\u0131n terkin edildi\u011fi sekt\u00f6rler aras\u0131nda ise e-ticaret faaliyetlerinin ilk s\u0131rada yer ald\u0131\u011f\u0131n\u0131 vurgulad\u0131. Oda olarak 11 ayl\u0131k s\u00fcre\u00e7te 772 say\u0131sal takograf ve 571 K belgesi d\u00fczenleyip verdiklerini, 310 i\u015f makinas\u0131n\u0131 tescil ettiklerini ve 249 da kapasite raporunu onaylad\u0131klar\u0131n\u0131 s\u00f6yledi. Bunlar\u0131n yan\u0131 s\u0131ra 11 ayda 39 ekspertiz raporu, 14 yerli mal\u0131 belgesi ve 4 levhaya kay\u0131tl\u0131 sigorta acentesi belgesi verdiklerini de belirten Ba\u015fkan Erdo\u011fan, gelen 6.476 evraka kar\u015f\u0131l\u0131k 27.423 evrak d\u00fczenlendi\u011fini ve i\u015flem hacminde ge\u00e7en y\u0131la g\u00f6re y\u00fczde 40,06\u2019l\u0131k art\u0131\u015f ya\u015fand\u0131\u011f\u0131n\u0131 ifade etti.<\/p>\n<p>Tekstil ve ham maddeleri ile haz\u0131r giyim ve konfeksiyondaki d\u00fc\u015f\u00fc\u015f, y\u00fczde 2,5 ile y\u00fczde 3,5 aras\u0131nda<br \/>\n<br \/>De\u011ferlendirmesinde d\u0131\u015f ticaret verilerine de yer veren DTO Ba\u015fkan\u0131 U\u011fur Erdo\u011fan, Denizli\u2019nin T\u00fcrkiye \u0130hracat\u00e7\u0131lar Meclisi\u2019nin (T\u0130M) kay\u0131tlar\u0131na g\u00f6re 11 ayl\u0131k d\u00f6nemde 4 milyar 275 milyon 6 bin dolarl\u0131k ihracata imza att\u0131\u011f\u0131n\u0131 belirterek ihracatta y\u0131ll\u0131k bazda y\u00fczde 6\u2019l\u0131k bir art\u0131\u015f yakaland\u0131\u011f\u0131n\u0131 vurgulad\u0131. \u0130hracat yap\u0131lan \u00fclkeler aras\u0131nda Birle\u015fik Krall\u0131k\u2019\u0131n ilk s\u0131rada yer ald\u0131\u011f\u0131n\u0131 da kaydeden Ba\u015fkan Erdo\u011fan, bu \u00fclkeyi Amerika Birle\u015fik Devletleri, \u0130talya, Almanya, Hollanda ve Fransa\u2019n\u0131n izledi\u011fini a\u00e7\u0131klad\u0131. Sekt\u00f6rel bazda de\u011ferlendirildi\u011finde tekstil ve hammaddelerinde y\u00fczde 3,36, haz\u0131r giyim ve konfeksiyonda da y\u00fczde 2,54 bir daralma ya\u015fand\u0131\u011f\u0131n\u0131, bunlara kar\u015f\u0131l\u0131k di\u011fer \u00f6ne \u00e7\u0131kan sekt\u00f6rler olan elektrik ve elektronik, demir ve demir d\u0131\u015f\u0131 metaller, \u00e7elik ve madencilik \u00fcr\u00fcnlerinde ise y\u00fczde 4,21 ile y\u00fczde 15,14 aras\u0131nda de\u011fi\u015fen art\u0131\u015flar g\u00f6r\u00fcld\u00fc\u011f\u00fcn\u00fc dile getirdi.<\/p>\n<p>Erdo\u011fan, Denizli\u2019nin ithalat\u0131n\u0131n ise y\u0131l\u0131n ilk 10 ay\u0131nda ge\u00e7en y\u0131l\u0131n ayn\u0131 d\u00f6nemine g\u00f6re y\u00fczde 0,53 azalarak 1 milyar 719 milyon 837 bin dolarda kald\u0131\u011f\u0131n\u0131 s\u00f6yledi. Denizli\u2019nin en fazla ithalat yapt\u0131\u011f\u0131 \u00fclkelerin ise Bulgaristan, Kazakistan, \u00c7in, \u00d6zbekistan ve Ukrayna oldu\u011funu belirtti.<\/p>\n<p>10, 20 ve 30 y\u0131l\u0131 dolduranlar, unutulmad\u0131lar<br \/>\n<br \/>Y\u0131l\u0131n son meclis toplant\u0131s\u0131nda DTO\u2019nun idari yap\u0131lar\u0131 olan Meslek Komiteleri ile DTO Meclisi\u2019ne se\u00e7ilerek ald\u0131klar\u0131 g\u00f6revlerde 10, 20 ve 30 y\u0131l\u0131 dolduran mevcut y\u00f6netimlerdeki \u00fcyelere birer te\u015fekk\u00fcr plaketi takdim edilerek hizmetlerinden dolay\u0131 te\u015fekk\u00fcr edildi. Ba\u015fkan Erdo\u011fan ile meclis \u00fcyeleri ayr\u0131ca, DTO\u2019daki hizmet s\u00fcresinin 31\u2019inci y\u0131l\u0131na giren Meclis Ba\u015fkan\u0131 Salih Sar\u0131kaya\u2019n\u0131n do\u011fum g\u00fcn\u00fcn\u00fc de kutlad\u0131lar.<br \/><\/p>\n","protected":false},"excerpt":{"rendered":"<p>Denizli Ticaret Odas\u0131\u2019n\u0131n (DTO) ayl\u0131k ola\u011fan meclis toplant\u0131s\u0131nda konu\u015fan DTO Ba\u015fkan\u0131 U\u011fur Erdo\u011fan, meclis \u00fcyeleriyle Denizli ekonomisine ili\u015fkin g\u00fcncel verileri payla\u015ft\u0131. Odalar\u0131n\u0131n evrak baz\u0131nda ge\u00e7en y\u0131la oranla i\u015flem hacminde y\u00fczde 40\u2019l\u0131k art\u0131\u015fa ula\u015ft\u0131\u011f\u0131n\u0131 a\u00e7\u0131klad\u0131. \u00dcst\u00fcn emek ve gayretlerinden dolay\u0131 \u00fcyeleri ile odalar\u0131n\u0131n \u00e7al\u0131\u015fanlar\u0131na te\u015fekk\u00fcr etti ve yeni y\u0131llar\u0131n\u0131 kutlad\u0131. Bu arada, odadaki g\u00f6revlerinde 10, 20&#8230;<\/p>\n","protected":false},"author":1,"featured_media":76922,"comment_status":"open","ping_status":"open","sticky":false,"template":"","format":"standard","meta":{"_crdt_document":"","footnotes":""},"categories":[125],"tags":[],"class_list":["post-76921","post","type-post","status-publish","format-standard","has-post-thumbnail","hentry","category-ekonomi"],"_links":{"self":[{"href":"https:\/\/www.egemtv.com\/index.php?rest_route=\/wp\/v2\/posts\/76921","targetHints":{"allow":["GET"]}}],"collection":[{"href":"https:\/\/www.egemtv.com\/index.php?rest_route=\/wp\/v2\/posts"}],"about":[{"href":"https:\/\/www.egemtv.com\/index.php?rest_route=\/wp\/v2\/types\/post"}],"author":[{"embeddable":true,"href":"https:\/\/www.egemtv.com\/index.php?rest_route=\/wp\/v2\/users\/1"}],"replies":[{"embeddable":true,"href":"https:\/\/www.egemtv.com\/index.php?rest_route=%2Fwp%2Fv2%2Fcomments&post=76921"}],"version-history":[{"count":1,"href":"https:\/\/www.egemtv.com\/index.php?rest_route=\/wp\/v2\/posts\/76921\/revisions"}],"predecessor-version":[{"id":76923,"href":"https:\/\/www.egemtv.com\/index.php?rest_route=\/wp\/v2\/posts\/76921\/revisions\/76923"}],"wp:featuredmedia":[{"embeddable":true,"href":"https:\/\/www.egemtv.com\/index.php?rest_route=\/wp\/v2\/media\/76922"}],"wp:attachment":[{"href":"https:\/\/www.egemtv.com\/index.php?rest_route=%2Fwp%2Fv2%2Fmedia&parent=76921"}],"wp:term":[{"taxonomy":"category","embeddable":true,"href":"https:\/\/www.egemtv.com\/index.php?rest_route=%2Fwp%2Fv2%2Fcategories&post=76921"},{"taxonomy":"post_tag","embeddable":true,"href":"https:\/\/www.egemtv.com\/index.php?rest_route=%2Fwp%2Fv2%2Ftags&post=76921"}],"curies":[{"name":"wp","href":"https:\/\/api.w.org\/{rel}","templated":true}]}}