{"id":76918,"date":"2025-12-27T09:34:56","date_gmt":"2025-12-27T06:34:56","guid":{"rendered":"https:\/\/www.egemtv.com\/?p=76918"},"modified":"2025-12-27T09:34:57","modified_gmt":"2025-12-27T06:34:57","slug":"kis-festivalinde-eglence-hiz-kesmeden-devam-ediyor","status":"publish","type":"post","link":"https:\/\/www.egemtv.com\/?p=76918","title":{"rendered":"K\u0131\u015f festivalinde e\u011flence h\u0131z kesmeden devam ediyor"},"content":{"rendered":"<p>Merkezefendi Belediyesi taraf\u0131ndan d\u00fczenlenen K\u0131\u015f Festivali, k\u0131\u015f aylar\u0131n\u0131n so\u011fuk g\u00fcnlerinde vatanda\u015flar\u0131 m\u00fczik ve e\u011flenceyle bulu\u015fturuyor.<\/p>\n<p>Merkezefendi Belediyesi taraf\u0131ndan d\u00fczenlenen K\u0131\u015f Festivali, birbirinden renkli etkinliklerle devam ediyor. Merkezefendi K\u00fclt\u00fcr Merkezi\u2019nin yan\u0131nda olu\u015fturulan festival alan\u0131nda yapay kar ya\u011f\u0131\u015f\u0131n\u0131n alt\u0131nda, DJ S\u00fcleyman Ayaz ve darbuka g\u00f6sterileriyle Ritmin Melekleriyle devam etti. Festivalde bug\u00fcn ise DJ G\u00fcray ile perk\u00fcsyon sanat\u00e7\u0131s\u0131 Veli Aktepe sahne alacak. \u0130ki g\u00fcn boyunca &#8220;90\u2019s Nowadays&#8221; grubu da performanslar\u0131yla festivale renk katacak. Her ya\u015ftan vatanda\u015fa hitap eden etkinliklerde, DJ\u2019ler sahne alarak m\u00fczik dolu ak\u015fam ve festival alan\u0131na yapay kar ya\u011f\u0131\u015f\u0131 ya\u011fd\u0131rarak keyifli bir ak\u015fam ya\u015fatacak.<\/p>\n<p>Merkezefendi Belediye K\u0131\u015f Festivali alan\u0131nda Buz Pateni Pisti, sokak lezzetleri, yiyecek-i\u00e7ecek kiokslar\u0131, lunapark ve al\u0131\u015fveri\u015f stantlar\u0131yla her ya\u015ftan ziyaret\u00e7ilere keyifle vakit ge\u00e7irebilece\u011fi kaliteli bir etkinlik alan\u0131 sunuyor.<br \/><\/p>\n","protected":false},"excerpt":{"rendered":"<p>Merkezefendi Belediyesi taraf\u0131ndan d\u00fczenlenen K\u0131\u015f Festivali, k\u0131\u015f aylar\u0131n\u0131n so\u011fuk g\u00fcnlerinde vatanda\u015flar\u0131 m\u00fczik ve e\u011flenceyle bulu\u015fturuyor. Merkezefendi Belediyesi taraf\u0131ndan d\u00fczenlenen K\u0131\u015f Festivali, birbirinden renkli etkinliklerle devam ediyor. Merkezefendi K\u00fclt\u00fcr Merkezi\u2019nin yan\u0131nda olu\u015fturulan festival alan\u0131nda yapay kar ya\u011f\u0131\u015f\u0131n\u0131n alt\u0131nda, DJ S\u00fcleyman Ayaz ve darbuka g\u00f6sterileriyle Ritmin Melekleriyle devam etti. Festivalde bug\u00fcn ise DJ G\u00fcray ile perk\u00fcsyon sanat\u00e7\u0131s\u0131&#8230;<\/p>\n","protected":false},"author":1,"featured_media":76919,"comment_status":"open","ping_status":"open","sticky":false,"template":"","format":"standard","meta":{"_crdt_document":"","footnotes":""},"categories":[1],"tags":[],"class_list":["post-76918","post","type-post","status-publish","format-standard","has-post-thumbnail","hentry","category-guncel"],"_links":{"self":[{"href":"https:\/\/www.egemtv.com\/index.php?rest_route=\/wp\/v2\/posts\/76918","targetHints":{"allow":["GET"]}}],"collection":[{"href":"https:\/\/www.egemtv.com\/index.php?rest_route=\/wp\/v2\/posts"}],"about":[{"href":"https:\/\/www.egemtv.com\/index.php?rest_route=\/wp\/v2\/types\/post"}],"author":[{"embeddable":true,"href":"https:\/\/www.egemtv.com\/index.php?rest_route=\/wp\/v2\/users\/1"}],"replies":[{"embeddable":true,"href":"https:\/\/www.egemtv.com\/index.php?rest_route=%2Fwp%2Fv2%2Fcomments&post=76918"}],"version-history":[{"count":1,"href":"https:\/\/www.egemtv.com\/index.php?rest_route=\/wp\/v2\/posts\/76918\/revisions"}],"predecessor-version":[{"id":76920,"href":"https:\/\/www.egemtv.com\/index.php?rest_route=\/wp\/v2\/posts\/76918\/revisions\/76920"}],"wp:featuredmedia":[{"embeddable":true,"href":"https:\/\/www.egemtv.com\/index.php?rest_route=\/wp\/v2\/media\/76919"}],"wp:attachment":[{"href":"https:\/\/www.egemtv.com\/index.php?rest_route=%2Fwp%2Fv2%2Fmedia&parent=76918"}],"wp:term":[{"taxonomy":"category","embeddable":true,"href":"https:\/\/www.egemtv.com\/index.php?rest_route=%2Fwp%2Fv2%2Fcategories&post=76918"},{"taxonomy":"post_tag","embeddable":true,"href":"https:\/\/www.egemtv.com\/index.php?rest_route=%2Fwp%2Fv2%2Ftags&post=76918"}],"curies":[{"name":"wp","href":"https:\/\/api.w.org\/{rel}","templated":true}]}}