{"id":76915,"date":"2025-12-27T08:34:38","date_gmt":"2025-12-27T05:34:38","guid":{"rendered":"https:\/\/www.egemtv.com\/?p=76915"},"modified":"2025-12-27T08:34:39","modified_gmt":"2025-12-27T05:34:39","slug":"sarigolden-kutsal-topraklara-ugurlandilar","status":"publish","type":"post","link":"https:\/\/www.egemtv.com\/?p=76915","title":{"rendered":"Sar\u0131g\u00f6l\u2019den kutsal topraklara u\u011furland\u0131lar"},"content":{"rendered":"<p>Manisa\u2019n\u0131n Sar\u0131g\u00f6l il\u00e7esinde, \u00fcmre ziyareti i\u00e7in kutsal topraklara gidecek vatanda\u015flar d\u00fczenlenen t\u00f6renle dualar e\u015fli\u011finde u\u011furland\u0131.<br \/>\n<br \/>Sar\u0131g\u00f6l D\u0131\u015fkahveler H\u00fcseyin G\u00fcm\u00fc\u015fl\u00fc Camii\u2019nde ger\u00e7ekle\u015ftirilen u\u011furlama t\u00f6reninde, Diyanet \u0130\u015fleri Ba\u015fkanl\u0131\u011f\u0131 organizasyonuyla kutsal topraklara gidecek 30 vatanda\u015f i\u00e7in program d\u00fczenlendi. Sar\u0131g\u00f6l \u0130l\u00e7e M\u00fcft\u00fcs\u00fc Metin G\u00fcvenir taraf\u0131ndan yap\u0131lan dua sonras\u0131 kutsal topraklara gidecek vatanda\u015flar yak\u0131nlar\u0131yla helalle\u015ferek yolcu edildi.<br \/>\n<br \/>T\u00f6rende duygu dolu anlar ya\u015fan\u0131rken, \u00fcmreciler ve yak\u0131nlar\u0131 &#8220;Gidip de d\u00f6nmemek var, gelip de g\u00f6rmemek var&#8221; s\u00f6zleriyle birbirlerinden helallik ald\u0131. G\u00f6zya\u015flar\u0131n\u0131n da yer yer hakim oldu\u011fu u\u011furlama program\u0131nda, \u00fcmre yolcular\u0131 kutsal topraklara gitmenin heyecan\u0131n\u0131 ya\u015fad\u0131.<br \/>\n<br \/>U\u011furlama t\u00f6renine Sar\u0131g\u00f6l Belediye Ba\u015fkan\u0131 Tahsin Akdeniz de kat\u0131larak \u00fcmre yolcular\u0131yla tek tek vedala\u015ft\u0131 ve \u00e7e\u015fitli hediyeler takdim etti.<br \/><\/p>\n","protected":false},"excerpt":{"rendered":"<p>Manisa\u2019n\u0131n Sar\u0131g\u00f6l il\u00e7esinde, \u00fcmre ziyareti i\u00e7in kutsal topraklara gidecek vatanda\u015flar d\u00fczenlenen t\u00f6renle dualar e\u015fli\u011finde u\u011furland\u0131. Sar\u0131g\u00f6l D\u0131\u015fkahveler H\u00fcseyin G\u00fcm\u00fc\u015fl\u00fc Camii\u2019nde ger\u00e7ekle\u015ftirilen u\u011furlama t\u00f6reninde, Diyanet \u0130\u015fleri Ba\u015fkanl\u0131\u011f\u0131 organizasyonuyla kutsal topraklara gidecek 30 vatanda\u015f i\u00e7in program d\u00fczenlendi. Sar\u0131g\u00f6l \u0130l\u00e7e M\u00fcft\u00fcs\u00fc Metin G\u00fcvenir taraf\u0131ndan yap\u0131lan dua sonras\u0131 kutsal topraklara gidecek vatanda\u015flar yak\u0131nlar\u0131yla helalle\u015ferek yolcu edildi. T\u00f6rende duygu dolu&#8230;<\/p>\n","protected":false},"author":1,"featured_media":76916,"comment_status":"open","ping_status":"open","sticky":false,"template":"","format":"standard","meta":{"_crdt_document":"","footnotes":""},"categories":[123],"tags":[],"class_list":["post-76915","post","type-post","status-publish","format-standard","has-post-thumbnail","hentry","category-gundem"],"_links":{"self":[{"href":"https:\/\/www.egemtv.com\/index.php?rest_route=\/wp\/v2\/posts\/76915","targetHints":{"allow":["GET"]}}],"collection":[{"href":"https:\/\/www.egemtv.com\/index.php?rest_route=\/wp\/v2\/posts"}],"about":[{"href":"https:\/\/www.egemtv.com\/index.php?rest_route=\/wp\/v2\/types\/post"}],"author":[{"embeddable":true,"href":"https:\/\/www.egemtv.com\/index.php?rest_route=\/wp\/v2\/users\/1"}],"replies":[{"embeddable":true,"href":"https:\/\/www.egemtv.com\/index.php?rest_route=%2Fwp%2Fv2%2Fcomments&post=76915"}],"version-history":[{"count":1,"href":"https:\/\/www.egemtv.com\/index.php?rest_route=\/wp\/v2\/posts\/76915\/revisions"}],"predecessor-version":[{"id":76917,"href":"https:\/\/www.egemtv.com\/index.php?rest_route=\/wp\/v2\/posts\/76915\/revisions\/76917"}],"wp:featuredmedia":[{"embeddable":true,"href":"https:\/\/www.egemtv.com\/index.php?rest_route=\/wp\/v2\/media\/76916"}],"wp:attachment":[{"href":"https:\/\/www.egemtv.com\/index.php?rest_route=%2Fwp%2Fv2%2Fmedia&parent=76915"}],"wp:term":[{"taxonomy":"category","embeddable":true,"href":"https:\/\/www.egemtv.com\/index.php?rest_route=%2Fwp%2Fv2%2Fcategories&post=76915"},{"taxonomy":"post_tag","embeddable":true,"href":"https:\/\/www.egemtv.com\/index.php?rest_route=%2Fwp%2Fv2%2Ftags&post=76915"}],"curies":[{"name":"wp","href":"https:\/\/api.w.org\/{rel}","templated":true}]}}