{"id":76870,"date":"2025-12-26T16:54:56","date_gmt":"2025-12-26T13:54:56","guid":{"rendered":"https:\/\/www.egemtv.com\/?p=76870"},"modified":"2025-12-26T16:54:57","modified_gmt":"2025-12-26T13:54:57","slug":"polisten-uyusturucu-operasyonu-1-tutuklama","status":"publish","type":"post","link":"https:\/\/www.egemtv.com\/?p=76870","title":{"rendered":"Polisten uyu\u015fturucu operasyonu: 1 tutuklama"},"content":{"rendered":"<p>Ayd\u0131n\u2019\u0131n Efeler il\u00e7esinde polis ekiplerince yap\u0131lan operasyonda yakalanan 1 \u015f\u00fcpheli tutuklanarak cezaevine g\u00f6nderildi.<\/p>\n<p>Ayd\u0131n genelinde uyu\u015fturucu sat\u0131\u015f\u0131 ve kullan\u0131m\u0131na y\u00f6nelik y\u00fcr\u00fct\u00fclen \u00e7al\u0131\u015fmalar aral\u0131ks\u0131z s\u00fcr\u00fcyor. Edinilen bilgiye g\u00f6re ekipler, Efeler il\u00e7esi Me\u015frutiyet Mahallesi \u00fczerindeki bir adrese operasyon d\u00fczenledi. Yap\u0131lan \u00e7al\u0131\u015fmalarda 1 \u015f\u00fcpheli yakalanarak g\u00f6zalt\u0131na al\u0131nd\u0131. \u015eahs\u0131n \u00fcst\u00fcnde, arac\u0131nda ve ikametinde yap\u0131lan aramalarda 13 par\u00e7a halinde 985,69 gram uyu\u015fturucu madde, 220 adet sentetik ecza ele ge\u00e7irildi. G\u00f6zalt\u0131na al\u0131nan \u015f\u00fcpheli \u015fah\u0131s hakk\u0131nda Uyu\u015fturucu Madde Ticareti ve Uyu\u015fturucu Madde Kullan\u0131m\u0131 su\u00e7lar\u0131ndan i\u015flem yap\u0131ld\u0131. Gerekli i\u015flemlerinin ard\u0131ndan adliyeye sevk edilen \u015f\u00fcpheli tutuklanarak cezaevine g\u00f6nderildi.<br \/><\/p>\n","protected":false},"excerpt":{"rendered":"<p>Ayd\u0131n\u2019\u0131n Efeler il\u00e7esinde polis ekiplerince yap\u0131lan operasyonda yakalanan 1 \u015f\u00fcpheli tutuklanarak cezaevine g\u00f6nderildi. Ayd\u0131n genelinde uyu\u015fturucu sat\u0131\u015f\u0131 ve kullan\u0131m\u0131na y\u00f6nelik y\u00fcr\u00fct\u00fclen \u00e7al\u0131\u015fmalar aral\u0131ks\u0131z s\u00fcr\u00fcyor. Edinilen bilgiye g\u00f6re ekipler, Efeler il\u00e7esi Me\u015frutiyet Mahallesi \u00fczerindeki bir adrese operasyon d\u00fczenledi. Yap\u0131lan \u00e7al\u0131\u015fmalarda 1 \u015f\u00fcpheli yakalanarak g\u00f6zalt\u0131na al\u0131nd\u0131. \u015eahs\u0131n \u00fcst\u00fcnde, arac\u0131nda ve ikametinde yap\u0131lan aramalarda 13 par\u00e7a halinde 985,69&#8230;<\/p>\n","protected":false},"author":1,"featured_media":76871,"comment_status":"open","ping_status":"open","sticky":false,"template":"","format":"standard","meta":{"_crdt_document":"","footnotes":""},"categories":[5],"tags":[],"class_list":["post-76870","post","type-post","status-publish","format-standard","has-post-thumbnail","hentry","category-asayis"],"_links":{"self":[{"href":"https:\/\/www.egemtv.com\/index.php?rest_route=\/wp\/v2\/posts\/76870","targetHints":{"allow":["GET"]}}],"collection":[{"href":"https:\/\/www.egemtv.com\/index.php?rest_route=\/wp\/v2\/posts"}],"about":[{"href":"https:\/\/www.egemtv.com\/index.php?rest_route=\/wp\/v2\/types\/post"}],"author":[{"embeddable":true,"href":"https:\/\/www.egemtv.com\/index.php?rest_route=\/wp\/v2\/users\/1"}],"replies":[{"embeddable":true,"href":"https:\/\/www.egemtv.com\/index.php?rest_route=%2Fwp%2Fv2%2Fcomments&post=76870"}],"version-history":[{"count":1,"href":"https:\/\/www.egemtv.com\/index.php?rest_route=\/wp\/v2\/posts\/76870\/revisions"}],"predecessor-version":[{"id":76872,"href":"https:\/\/www.egemtv.com\/index.php?rest_route=\/wp\/v2\/posts\/76870\/revisions\/76872"}],"wp:featuredmedia":[{"embeddable":true,"href":"https:\/\/www.egemtv.com\/index.php?rest_route=\/wp\/v2\/media\/76871"}],"wp:attachment":[{"href":"https:\/\/www.egemtv.com\/index.php?rest_route=%2Fwp%2Fv2%2Fmedia&parent=76870"}],"wp:term":[{"taxonomy":"category","embeddable":true,"href":"https:\/\/www.egemtv.com\/index.php?rest_route=%2Fwp%2Fv2%2Fcategories&post=76870"},{"taxonomy":"post_tag","embeddable":true,"href":"https:\/\/www.egemtv.com\/index.php?rest_route=%2Fwp%2Fv2%2Ftags&post=76870"}],"curies":[{"name":"wp","href":"https:\/\/api.w.org\/{rel}","templated":true}]}}