{"id":76867,"date":"2025-12-26T16:34:51","date_gmt":"2025-12-26T13:34:51","guid":{"rendered":"https:\/\/www.egemtv.com\/?p=76867"},"modified":"2025-12-26T16:34:52","modified_gmt":"2025-12-26T13:34:52","slug":"aydinda-kentsel-donusum-basliyor","status":"publish","type":"post","link":"https:\/\/www.egemtv.com\/?p=76867","title":{"rendered":"Ayd\u0131n\u2019da kentsel d\u00f6n\u00fc\u015f\u00fcm ba\u015fl\u0131yor"},"content":{"rendered":"<p>Ayd\u0131n B\u00fcy\u00fck\u015fehir Belediye Ba\u015fkan\u0131 \u00d6zlem \u00c7er\u00e7io\u011flu\u2019nun m\u00fcjdesini verdi\u011fi kentsel d\u00f6n\u00fc\u015f\u00fcm i\u00e7in s\u00fcre\u00e7 ba\u015fl\u0131yor. \u00c7evre, \u015eehircilik ve \u0130klim De\u011fi\u015fikli\u011fi Bakanl\u0131\u011f\u0131 Kentsel D\u00f6n\u00fc\u015f\u00fcm Ba\u015fkanl\u0131\u011f\u0131 koordinasyonunda Ayd\u0131n genelinde kentsel d\u00f6n\u00fc\u015f\u00fcme y\u00f6nelik \u00e7al\u0131\u015fmalar ba\u015flat\u0131ld\u0131.<br \/>\n<br \/>Kent genelinde g\u00fcvenli, sa\u011fl\u0131kl\u0131 ve modern ya\u015fam alanlar\u0131n\u0131n olu\u015fturulmas\u0131n\u0131 hedefleyen \u00e7al\u0131\u015fmalarla birlikte Ayd\u0131n\u2019da planl\u0131 \u015fehircilik anlay\u0131\u015f\u0131 do\u011frultusunda kapsaml\u0131 bir d\u00f6n\u00fc\u015f\u00fcm s\u00fcreci y\u00fcr\u00fct\u00fcl\u00fcyor. Depreme dayan\u0131kl\u0131 yap\u0131lar, g\u00fc\u00e7l\u00fc altyap\u0131 sistemleri ve ya\u015fam kalitesini art\u0131racak \u00e7evresel d\u00fczenlemelerle Ayd\u0131n\u2019\u0131n gelece\u011finin g\u00fcvence alt\u0131na al\u0131nmas\u0131 ama\u00e7lan\u0131yor.<br \/>\n<br \/>Kentsel d\u00f6n\u00fc\u015f\u00fcm \u00e7al\u0131\u015fmalar\u0131 kapsam\u0131nda mevcut yap\u0131 stokunun incelenmesi, riskli yap\u0131lar\u0131n tespit edilmesi ve ihtiya\u00e7 duyulan alanlarda d\u00f6n\u00fc\u015f\u00fcm planlar\u0131n\u0131n hayata ge\u00e7irilmesi hedefleniyor. Bu kapsamda Efeler il\u00e7esi Orta Mahalle\u2019de, yap\u0131 niteli\u011fi d\u00fc\u015f\u00fck ve deprem y\u00f6netmeli\u011fi h\u00fck\u00fcmlerini kar\u015f\u0131lamayan yap\u0131lar\u0131n yo\u011fun olarak bulundu\u011fu 2,78 hektarl\u0131k alanda; afet g\u00fcvenli\u011fi sa\u011flanm\u0131\u015f, fen ve sanat normlar\u0131na uygun, sa\u011fl\u0131kl\u0131 ve g\u00fcvenli ya\u015fam alanlar\u0131 olu\u015fturulmas\u0131 ama\u00e7lan\u0131yor. Sosyal ve fiziki dokunun iyile\u015ftirilmesini hedefleyen \u00e7al\u0131\u015fmalar, 6306 say\u0131l\u0131 &#8220;Afet Riski Alt\u0131ndaki Alanlar\u0131n D\u00f6n\u00fc\u015ft\u00fcr\u00fclmesi Hakk\u0131nda Kanun&#8221; kapsam\u0131nda y\u00fcr\u00fct\u00fclecek. S\u00fcrecin ilgili kurum ve kurulu\u015flarla i\u015f birli\u011fi i\u00e7erisinde, \u015feffaf ve planl\u0131 bir \u015fekilde ilerlemesi i\u00e7in \u00e7al\u0131\u015fmalar titizlikle s\u00fcrd\u00fcr\u00fcl\u00fcyor.<br \/>\n<br \/>Ayd\u0131n B\u00fcy\u00fck\u015fehir Belediye Ba\u015fkan\u0131 \u00d6zlem \u00c7er\u00e7io\u011flu, kentsel d\u00f6n\u00fc\u015f\u00fcm\u00fcn yaln\u0131zca yap\u0131lar\u0131n yenilenmesiyle s\u0131n\u0131rl\u0131 olmad\u0131\u011f\u0131n\u0131, ayn\u0131 zamanda g\u00fcvenli, sa\u011fl\u0131kl\u0131 ve s\u00fcrd\u00fcr\u00fclebilir bir kent ya\u015fam\u0131n\u0131n temel unsurlar\u0131ndan biri oldu\u011funu belirtti. Ba\u015fkan \u00c7er\u00e7io\u011flu, kentsel d\u00f6n\u00fc\u015f\u00fcm \u00e7al\u0131\u015fmalar\u0131n\u0131n sosyal ya\u015fam\u0131 g\u00fc\u00e7lendiren, \u00e7evreye duyarl\u0131 ve \u00e7a\u011fda\u015f kentle\u015fme anlay\u0131\u015f\u0131yla ele al\u0131nd\u0131\u011f\u0131n\u0131 ifade etti.<br \/>\n<br \/>\u00c7al\u0131\u015fmalar\u0131n Ayd\u0131n\u2019a hay\u0131rl\u0131 olmas\u0131n\u0131 dileyen Ba\u015fkan \u00c7er\u00e7io\u011flu, &#8220;Ayd\u0131n\u2019da hem\u015fehrilerimizin g\u00fcvenle ya\u015fayaca\u011f\u0131, depreme dayan\u0131kl\u0131 ve modern ya\u015fam alanlar\u0131 olu\u015fturmak \u00f6ncelikli hedeflerimiz aras\u0131nda yer al\u0131yor. Bu s\u00fcre\u00e7te vatanda\u015flar\u0131m\u0131z\u0131n bilgilendirilmesi, g\u00f6r\u00fc\u015f ve taleplerinin dikkate al\u0131nmas\u0131 b\u00fcy\u00fck \u00f6nem ta\u015f\u0131yor. Kentsel d\u00f6n\u00fc\u015f\u00fcm s\u00fcrecinin \u015feffaf, eri\u015filebilir ve vatanda\u015f odakl\u0131 bir \u015fekilde y\u00fcr\u00fct\u00fclmesi i\u00e7in gerekli t\u00fcm ad\u0131mlar at\u0131l\u0131yor. Kentsel d\u00f6n\u00fc\u015f\u00fcm yolunda at\u0131lan bu \u00f6nemli ad\u0131m\u0131n Ayd\u0131n\u0131m\u0131za hay\u0131rl\u0131 olmas\u0131n\u0131 diliyorum&#8221; ifadelerini kulland\u0131.<br \/><\/p>\n","protected":false},"excerpt":{"rendered":"<p>Ayd\u0131n B\u00fcy\u00fck\u015fehir Belediye Ba\u015fkan\u0131 \u00d6zlem \u00c7er\u00e7io\u011flu\u2019nun m\u00fcjdesini verdi\u011fi kentsel d\u00f6n\u00fc\u015f\u00fcm i\u00e7in s\u00fcre\u00e7 ba\u015fl\u0131yor. \u00c7evre, \u015eehircilik ve \u0130klim De\u011fi\u015fikli\u011fi Bakanl\u0131\u011f\u0131 Kentsel D\u00f6n\u00fc\u015f\u00fcm Ba\u015fkanl\u0131\u011f\u0131 koordinasyonunda Ayd\u0131n genelinde kentsel d\u00f6n\u00fc\u015f\u00fcme y\u00f6nelik \u00e7al\u0131\u015fmalar ba\u015flat\u0131ld\u0131. Kent genelinde g\u00fcvenli, sa\u011fl\u0131kl\u0131 ve modern ya\u015fam alanlar\u0131n\u0131n olu\u015fturulmas\u0131n\u0131 hedefleyen \u00e7al\u0131\u015fmalarla birlikte Ayd\u0131n\u2019da planl\u0131 \u015fehircilik anlay\u0131\u015f\u0131 do\u011frultusunda kapsaml\u0131 bir d\u00f6n\u00fc\u015f\u00fcm s\u00fcreci y\u00fcr\u00fct\u00fcl\u00fcyor. Depreme dayan\u0131kl\u0131 yap\u0131lar,&#8230;<\/p>\n","protected":false},"author":1,"featured_media":76868,"comment_status":"open","ping_status":"open","sticky":false,"template":"","format":"standard","meta":{"_crdt_document":"","footnotes":""},"categories":[1],"tags":[],"class_list":["post-76867","post","type-post","status-publish","format-standard","has-post-thumbnail","hentry","category-guncel"],"_links":{"self":[{"href":"https:\/\/www.egemtv.com\/index.php?rest_route=\/wp\/v2\/posts\/76867","targetHints":{"allow":["GET"]}}],"collection":[{"href":"https:\/\/www.egemtv.com\/index.php?rest_route=\/wp\/v2\/posts"}],"about":[{"href":"https:\/\/www.egemtv.com\/index.php?rest_route=\/wp\/v2\/types\/post"}],"author":[{"embeddable":true,"href":"https:\/\/www.egemtv.com\/index.php?rest_route=\/wp\/v2\/users\/1"}],"replies":[{"embeddable":true,"href":"https:\/\/www.egemtv.com\/index.php?rest_route=%2Fwp%2Fv2%2Fcomments&post=76867"}],"version-history":[{"count":1,"href":"https:\/\/www.egemtv.com\/index.php?rest_route=\/wp\/v2\/posts\/76867\/revisions"}],"predecessor-version":[{"id":76869,"href":"https:\/\/www.egemtv.com\/index.php?rest_route=\/wp\/v2\/posts\/76867\/revisions\/76869"}],"wp:featuredmedia":[{"embeddable":true,"href":"https:\/\/www.egemtv.com\/index.php?rest_route=\/wp\/v2\/media\/76868"}],"wp:attachment":[{"href":"https:\/\/www.egemtv.com\/index.php?rest_route=%2Fwp%2Fv2%2Fmedia&parent=76867"}],"wp:term":[{"taxonomy":"category","embeddable":true,"href":"https:\/\/www.egemtv.com\/index.php?rest_route=%2Fwp%2Fv2%2Fcategories&post=76867"},{"taxonomy":"post_tag","embeddable":true,"href":"https:\/\/www.egemtv.com\/index.php?rest_route=%2Fwp%2Fv2%2Ftags&post=76867"}],"curies":[{"name":"wp","href":"https:\/\/api.w.org\/{rel}","templated":true}]}}