{"id":76864,"date":"2025-12-26T15:55:42","date_gmt":"2025-12-26T12:55:42","guid":{"rendered":"https:\/\/www.egemtv.com\/?p=76864"},"modified":"2025-12-26T15:55:43","modified_gmt":"2025-12-26T12:55:43","slug":"bilim-kafe-demircide-teknolojinin-topluma-etkileri-masaya-yatirildi","status":"publish","type":"post","link":"https:\/\/www.egemtv.com\/?p=76864","title":{"rendered":"Bilim Kafe Demirci\u2019de \u2019Teknolojinin topluma etkileri\u2019 masaya yat\u0131r\u0131ld\u0131"},"content":{"rendered":"<p>Manisa Celal Bayar \u00dcniversitesi\u2019nin Y\u00d6K koordinasyonunda y\u00fcr\u00fctt\u00fc\u011f\u00fc &#8220;Bilim Kafe&#8221; etkinli\u011fi, Demirci Yerle\u015fkesinde yo\u011fun kat\u0131l\u0131mla ger\u00e7ekle\u015ftirildi.<br \/>\n<br \/>Manisa Celal Bayar \u00dcniversitesi (MCB\u00dc) taraf\u0131ndan bilimi toplumla bulu\u015fturmak amac\u0131yla d\u00fczenlenen &#8220;Bilim Kafe&#8221; etkinlikleri kapsam\u0131nda ikinci bulu\u015fma, Demirci Yerle\u015fkesi \u00d6zgen \u0130zmiro\u011flu K\u00fclt\u00fcr, Bilim ve Teknoloji Merkezi\u2019nde yap\u0131ld\u0131. Etkinlikte &#8220;Teknolojik Geli\u015fmelerin Olumlu ve Olumsuz Toplumsal Yank\u0131lar\u0131&#8221; konusu ele al\u0131nd\u0131.<br \/>\n<br \/>Programa; E\u011fitim Fak\u00fcltesi Dekan\u0131 Prof. Dr. Fatma \u015ea\u015fmaz \u00d6ren, Demirci Belediye Ba\u015fkan Yard\u0131mc\u0131s\u0131 \u0130smail Hakk\u0131 G\u00fcl, akademisyenler, \u00f6\u011frenciler ve Demirci halk\u0131 kat\u0131ld\u0131. Prof. Dr. \u00d6ren, bilimin \u00fcniversite s\u0131n\u0131rlar\u0131 i\u00e7inde kalmamas\u0131 gerekti\u011fini vurgulayarak, bilim ileti\u015fiminin toplumla do\u011frudan temas kurmada \u00f6nemli bir rol \u00fcstlendi\u011fini ifade etti.<br \/>\n<br \/>Etkinlikte Ara\u015ft\u0131rma G\u00f6revlisi \u0130brahim Varol, bilim ve teknolojinin g\u00fcnl\u00fck ya\u015famdaki yans\u0131malar\u0131na ili\u015fkin sunum yaparken; Dekan Yard\u0131mc\u0131s\u0131 Do\u00e7. Dr. Ay\u015feg\u00fcl Erg\u00fcn ise teknolojinin \u00f6zellikle ba\u011f\u0131ml\u0131l\u0131k ba\u015fta olmak \u00fczere olumsuz etkilerine dikkat \u00e7ekti.<br \/>\n<br \/>Soru-cevap b\u00f6l\u00fcm\u00fcyle interaktif \u015fekilde ger\u00e7ekle\u015ftirilen Bilim Kafe etkinli\u011fi, te\u015fekk\u00fcr belgelerinin takdimi ve toplu foto\u011fraf \u00e7ekimiyle sona erdi.<br \/><\/p>\n","protected":false},"excerpt":{"rendered":"<p>Manisa Celal Bayar \u00dcniversitesi\u2019nin Y\u00d6K koordinasyonunda y\u00fcr\u00fctt\u00fc\u011f\u00fc &#8220;Bilim Kafe&#8221; etkinli\u011fi, Demirci Yerle\u015fkesinde yo\u011fun kat\u0131l\u0131mla ger\u00e7ekle\u015ftirildi. Manisa Celal Bayar \u00dcniversitesi (MCB\u00dc) taraf\u0131ndan bilimi toplumla bulu\u015fturmak amac\u0131yla d\u00fczenlenen &#8220;Bilim Kafe&#8221; etkinlikleri kapsam\u0131nda ikinci bulu\u015fma, Demirci Yerle\u015fkesi \u00d6zgen \u0130zmiro\u011flu K\u00fclt\u00fcr, Bilim ve Teknoloji Merkezi\u2019nde yap\u0131ld\u0131. Etkinlikte &#8220;Teknolojik Geli\u015fmelerin Olumlu ve Olumsuz Toplumsal Yank\u0131lar\u0131&#8221; konusu ele al\u0131nd\u0131. Programa; E\u011fitim&#8230;<\/p>\n","protected":false},"author":1,"featured_media":76865,"comment_status":"open","ping_status":"open","sticky":false,"template":"","format":"standard","meta":{"_crdt_document":"","footnotes":""},"categories":[1],"tags":[],"class_list":["post-76864","post","type-post","status-publish","format-standard","has-post-thumbnail","hentry","category-guncel"],"_links":{"self":[{"href":"https:\/\/www.egemtv.com\/index.php?rest_route=\/wp\/v2\/posts\/76864","targetHints":{"allow":["GET"]}}],"collection":[{"href":"https:\/\/www.egemtv.com\/index.php?rest_route=\/wp\/v2\/posts"}],"about":[{"href":"https:\/\/www.egemtv.com\/index.php?rest_route=\/wp\/v2\/types\/post"}],"author":[{"embeddable":true,"href":"https:\/\/www.egemtv.com\/index.php?rest_route=\/wp\/v2\/users\/1"}],"replies":[{"embeddable":true,"href":"https:\/\/www.egemtv.com\/index.php?rest_route=%2Fwp%2Fv2%2Fcomments&post=76864"}],"version-history":[{"count":1,"href":"https:\/\/www.egemtv.com\/index.php?rest_route=\/wp\/v2\/posts\/76864\/revisions"}],"predecessor-version":[{"id":76866,"href":"https:\/\/www.egemtv.com\/index.php?rest_route=\/wp\/v2\/posts\/76864\/revisions\/76866"}],"wp:featuredmedia":[{"embeddable":true,"href":"https:\/\/www.egemtv.com\/index.php?rest_route=\/wp\/v2\/media\/76865"}],"wp:attachment":[{"href":"https:\/\/www.egemtv.com\/index.php?rest_route=%2Fwp%2Fv2%2Fmedia&parent=76864"}],"wp:term":[{"taxonomy":"category","embeddable":true,"href":"https:\/\/www.egemtv.com\/index.php?rest_route=%2Fwp%2Fv2%2Fcategories&post=76864"},{"taxonomy":"post_tag","embeddable":true,"href":"https:\/\/www.egemtv.com\/index.php?rest_route=%2Fwp%2Fv2%2Ftags&post=76864"}],"curies":[{"name":"wp","href":"https:\/\/api.w.org\/{rel}","templated":true}]}}