{"id":76861,"date":"2025-12-26T15:55:40","date_gmt":"2025-12-26T12:55:40","guid":{"rendered":"https:\/\/www.egemtv.com\/?p=76861"},"modified":"2025-12-26T15:55:42","modified_gmt":"2025-12-26T12:55:42","slug":"hayvan-otlatirken-kayaliklardan-dustu","status":"publish","type":"post","link":"https:\/\/www.egemtv.com\/?p=76861","title":{"rendered":"Hayvan otlat\u0131rken kayal\u0131klardan d\u00fc\u015ft\u00fc"},"content":{"rendered":"<p>Mu\u011fla\u2019n\u0131n Mente\u015fe il\u00e7esi k\u0131rsal Sarn\u0131\u00e7 Mahallesinde hayvan otlatan 72 ya\u015f\u0131ndaki vatanda\u015f, kayal\u0131k alanda dengesini kaybetmesi sonras\u0131 d\u00fc\u015ft\u00fc\u011f\u00fc alanda aya\u011f\u0131n\u0131 k\u0131rd\u0131.<br \/>\n<br \/>Yak\u0131nlar\u0131n\u0131n 112 Acil \u00c7a\u011fr\u0131 Merkezine bilgi vermesi \u00fczerine b\u00f6lgeye 112 ambulans, Mu\u011fla B\u00fcy\u00fck\u015fehir Belediyesi Mente\u015fe \u0130tfaiye ve AFAD ekipleri sevk edildi. Kayal\u0131klardan d\u00fc\u015fen 72 ya\u015f\u0131nda Duran Orhan isimli vatanda\u015fa ilk m\u00fcdahale yak\u0131nlar\u0131 taraf\u0131ndan yap\u0131l\u0131rken, olay yerine gelen AFAD ve \u0130tfaiye ekiplerince sedyeye al\u0131nd\u0131.<br \/>\n<br \/>72 ya\u015f\u0131ndaki Duran Orhan i simli vatanda\u015f yakla\u015f\u0131k 1 saatlik patika yoldan indirilerek 112 ambulans ekiplerine teslim edilerek sa\u011fl\u0131k kurulu\u015funa sevk edildi.<br \/><\/p>\n","protected":false},"excerpt":{"rendered":"<p>Mu\u011fla\u2019n\u0131n Mente\u015fe il\u00e7esi k\u0131rsal Sarn\u0131\u00e7 Mahallesinde hayvan otlatan 72 ya\u015f\u0131ndaki vatanda\u015f, kayal\u0131k alanda dengesini kaybetmesi sonras\u0131 d\u00fc\u015ft\u00fc\u011f\u00fc alanda aya\u011f\u0131n\u0131 k\u0131rd\u0131. Yak\u0131nlar\u0131n\u0131n 112 Acil \u00c7a\u011fr\u0131 Merkezine bilgi vermesi \u00fczerine b\u00f6lgeye 112 ambulans, Mu\u011fla B\u00fcy\u00fck\u015fehir Belediyesi Mente\u015fe \u0130tfaiye ve AFAD ekipleri sevk edildi. Kayal\u0131klardan d\u00fc\u015fen 72 ya\u015f\u0131nda Duran Orhan isimli vatanda\u015fa ilk m\u00fcdahale yak\u0131nlar\u0131 taraf\u0131ndan yap\u0131l\u0131rken, olay&#8230;<\/p>\n","protected":false},"author":1,"featured_media":76862,"comment_status":"open","ping_status":"open","sticky":false,"template":"","format":"standard","meta":{"_crdt_document":"","footnotes":""},"categories":[5],"tags":[],"class_list":["post-76861","post","type-post","status-publish","format-standard","has-post-thumbnail","hentry","category-asayis"],"_links":{"self":[{"href":"https:\/\/www.egemtv.com\/index.php?rest_route=\/wp\/v2\/posts\/76861","targetHints":{"allow":["GET"]}}],"collection":[{"href":"https:\/\/www.egemtv.com\/index.php?rest_route=\/wp\/v2\/posts"}],"about":[{"href":"https:\/\/www.egemtv.com\/index.php?rest_route=\/wp\/v2\/types\/post"}],"author":[{"embeddable":true,"href":"https:\/\/www.egemtv.com\/index.php?rest_route=\/wp\/v2\/users\/1"}],"replies":[{"embeddable":true,"href":"https:\/\/www.egemtv.com\/index.php?rest_route=%2Fwp%2Fv2%2Fcomments&post=76861"}],"version-history":[{"count":1,"href":"https:\/\/www.egemtv.com\/index.php?rest_route=\/wp\/v2\/posts\/76861\/revisions"}],"predecessor-version":[{"id":76863,"href":"https:\/\/www.egemtv.com\/index.php?rest_route=\/wp\/v2\/posts\/76861\/revisions\/76863"}],"wp:featuredmedia":[{"embeddable":true,"href":"https:\/\/www.egemtv.com\/index.php?rest_route=\/wp\/v2\/media\/76862"}],"wp:attachment":[{"href":"https:\/\/www.egemtv.com\/index.php?rest_route=%2Fwp%2Fv2%2Fmedia&parent=76861"}],"wp:term":[{"taxonomy":"category","embeddable":true,"href":"https:\/\/www.egemtv.com\/index.php?rest_route=%2Fwp%2Fv2%2Fcategories&post=76861"},{"taxonomy":"post_tag","embeddable":true,"href":"https:\/\/www.egemtv.com\/index.php?rest_route=%2Fwp%2Fv2%2Ftags&post=76861"}],"curies":[{"name":"wp","href":"https:\/\/api.w.org\/{rel}","templated":true}]}}