{"id":76849,"date":"2025-12-26T15:34:34","date_gmt":"2025-12-26T12:34:34","guid":{"rendered":"https:\/\/www.egemtv.com\/?p=76849"},"modified":"2025-12-26T15:34:35","modified_gmt":"2025-12-26T12:34:35","slug":"aydinda-zirai-don-alarmi-bazi-ilcelerde-sicaklik-eksi-3e-kadar-dusecek","status":"publish","type":"post","link":"https:\/\/www.egemtv.com\/?p=76849","title":{"rendered":"Ayd\u0131n\u2019da zirai don alarm\u0131: &#8220;Baz\u0131 il\u00e7elerde s\u0131cakl\u0131k eksi 3\u2019e kadar d\u00fc\u015fecek&#8221;"},"content":{"rendered":"<p>Meteoroloji Genel M\u00fcd\u00fcrl\u00fc\u011f\u00fc\u2019n\u00fcn son de\u011ferlendirmelerine g\u00f6re Ayd\u0131n il genelinde zirai don riski bulunurken, 28 Aral\u0131k Pazar sabah\u0131ndan ba\u015flayarak 30 Aral\u0131k Sal\u0131 sabah\u0131na kadar etkili olmas\u0131 beklenen so\u011fuk hava dalgas\u0131 nedeniyle, \u00f6zellikle tar\u0131msal \u00fcretim yap\u0131lan b\u00f6lgelerde \u00fcreticilerin dikkatli olmas\u0131 istendi.<\/p>\n<p>Ayd\u0131n Valili\u011fi taraf\u0131ndan sosyal medya hesaplar\u0131 \u00fczerinden yap\u0131lan payla\u015f\u0131mda, gece s\u0131cakl\u0131klar\u0131n\u0131n 0 derecenin alt\u0131na d\u00fc\u015fmesinin beklendi\u011fi belirtilerek, i\u00e7 kesimlerde hafif, y\u00fcksek kesimlerde ise orta kuvvette zirai don g\u00f6r\u00fclebilece\u011fi bildirildi. A\u00e7\u0131klamada, tar\u0131msal faaliyetlerle u\u011fra\u015fan vatanda\u015flar\u0131n Meteoroloji Genel M\u00fcd\u00fcrl\u00fc\u011f\u00fc uyar\u0131lar\u0131n\u0131 yak\u0131ndan takip etmeleri ve gerekli tedbirleri almalar\u0131n\u0131n \u00f6nem ta\u015f\u0131d\u0131\u011f\u0131 vurguland\u0131.<\/p>\n<p>Meteoroloji 2. B\u00f6lge M\u00fcd\u00fcrl\u00fc\u011f\u00fc taraf\u0131ndan payla\u015f\u0131lan s\u0131cakl\u0131k tahmin tablosuna g\u00f6re; Nazilli, Germencik, Karacasu, Bozdo\u011fan, Buharkent ve \u00c7ine gibi il\u00e7elerde Pazar ve Pazartesi g\u00fcnleri gece s\u0131cakl\u0131klar\u0131n\u0131n 0 derecenin alt\u0131na d\u00fc\u015fmesi beklenirken, \u00c7ine, Karacasu, \u0130ncirliova ve Ko\u00e7arl\u0131\u2019da s\u0131cakl\u0131klar\u0131n eksi 3 dereceye kadar gerileyece\u011fi tahmin ediliyor. Merkez il\u00e7e Efeler ile Ku\u015fadas\u0131, Didim ve S\u00f6ke gibi il\u00e7elerde ise s\u0131cakl\u0131klar\u0131n nispeten daha y\u00fcksek seyretmesi beklenirken, bu b\u00f6lgelerde zirai don riskinin d\u00fc\u015f\u00fck seviyede olaca\u011f\u0131 \u00f6ng\u00f6r\u00fcl\u00fcyor.<\/p>\n<p>K\u0131sa s\u00fcreli de olsa ani s\u0131cakl\u0131k d\u00fc\u015f\u00fc\u015flerinin \u00f6zellikle hassas \u00fcr\u00fcnlerde zarar olu\u015fturabilece\u011fine dikkat \u00e7eken yetkililer, \u00fcreticilerin don tehlikesine kar\u015f\u0131 \u00fcr\u00fcn bazl\u0131 \u00f6nlemleri almalar\u0131, erken uyar\u0131lar\u0131 takip etmeleri ve m\u00fcmk\u00fcn olan alanlarda koruyucu tedbirleri uygulamalar\u0131n\u0131n b\u00fcy\u00fck \u00f6nem ta\u015f\u0131d\u0131\u011f\u0131n\u0131 belirtti.<br \/><\/p>\n","protected":false},"excerpt":{"rendered":"<p>Meteoroloji Genel M\u00fcd\u00fcrl\u00fc\u011f\u00fc\u2019n\u00fcn son de\u011ferlendirmelerine g\u00f6re Ayd\u0131n il genelinde zirai don riski bulunurken, 28 Aral\u0131k Pazar sabah\u0131ndan ba\u015flayarak 30 Aral\u0131k Sal\u0131 sabah\u0131na kadar etkili olmas\u0131 beklenen so\u011fuk hava dalgas\u0131 nedeniyle, \u00f6zellikle tar\u0131msal \u00fcretim yap\u0131lan b\u00f6lgelerde \u00fcreticilerin dikkatli olmas\u0131 istendi. Ayd\u0131n Valili\u011fi taraf\u0131ndan sosyal medya hesaplar\u0131 \u00fczerinden yap\u0131lan payla\u015f\u0131mda, gece s\u0131cakl\u0131klar\u0131n\u0131n 0 derecenin alt\u0131na d\u00fc\u015fmesinin beklendi\u011fi&#8230;<\/p>\n","protected":false},"author":1,"featured_media":76850,"comment_status":"open","ping_status":"open","sticky":false,"template":"","format":"standard","meta":{"_crdt_document":"","footnotes":""},"categories":[1],"tags":[],"class_list":["post-76849","post","type-post","status-publish","format-standard","has-post-thumbnail","hentry","category-guncel"],"_links":{"self":[{"href":"https:\/\/www.egemtv.com\/index.php?rest_route=\/wp\/v2\/posts\/76849","targetHints":{"allow":["GET"]}}],"collection":[{"href":"https:\/\/www.egemtv.com\/index.php?rest_route=\/wp\/v2\/posts"}],"about":[{"href":"https:\/\/www.egemtv.com\/index.php?rest_route=\/wp\/v2\/types\/post"}],"author":[{"embeddable":true,"href":"https:\/\/www.egemtv.com\/index.php?rest_route=\/wp\/v2\/users\/1"}],"replies":[{"embeddable":true,"href":"https:\/\/www.egemtv.com\/index.php?rest_route=%2Fwp%2Fv2%2Fcomments&post=76849"}],"version-history":[{"count":1,"href":"https:\/\/www.egemtv.com\/index.php?rest_route=\/wp\/v2\/posts\/76849\/revisions"}],"predecessor-version":[{"id":76851,"href":"https:\/\/www.egemtv.com\/index.php?rest_route=\/wp\/v2\/posts\/76849\/revisions\/76851"}],"wp:featuredmedia":[{"embeddable":true,"href":"https:\/\/www.egemtv.com\/index.php?rest_route=\/wp\/v2\/media\/76850"}],"wp:attachment":[{"href":"https:\/\/www.egemtv.com\/index.php?rest_route=%2Fwp%2Fv2%2Fmedia&parent=76849"}],"wp:term":[{"taxonomy":"category","embeddable":true,"href":"https:\/\/www.egemtv.com\/index.php?rest_route=%2Fwp%2Fv2%2Fcategories&post=76849"},{"taxonomy":"post_tag","embeddable":true,"href":"https:\/\/www.egemtv.com\/index.php?rest_route=%2Fwp%2Fv2%2Ftags&post=76849"}],"curies":[{"name":"wp","href":"https:\/\/api.w.org\/{rel}","templated":true}]}}