{"id":76825,"date":"2025-12-26T14:14:47","date_gmt":"2025-12-26T11:14:47","guid":{"rendered":"https:\/\/www.egemtv.com\/?p=76825"},"modified":"2025-12-26T14:14:48","modified_gmt":"2025-12-26T11:14:48","slug":"baskan-aras-genclerden-gelen-her-fikri-desteklemeye-haziriz","status":"publish","type":"post","link":"https:\/\/www.egemtv.com\/?p=76825","title":{"rendered":"Ba\u015fkan Aras: &#8220;Gen\u00e7lerden gelen her fikri desteklemeye haz\u0131r\u0131z&#8221;"},"content":{"rendered":"<p>Mu\u011fla Gen\u00e7lik Meclisi taraf\u0131ndan ger\u00e7ekle\u015ftirilen bulu\u015fmada Gen\u00e7lik Meclisi\u2019nin yap\u0131s\u0131 ve i\u015fleyi\u015fi hakk\u0131nda bilgilendirme yap\u0131l\u0131rken, \u00f6\u011frenci topluluklar\u0131n\u0131n g\u00f6r\u00fc\u015f ve talepleri de dinlendi.<br \/>\n<br \/>Yerel sorunlara \u00e7\u00f6z\u00fcm \u00f6nerilerinin geli\u015ftirilece\u011fi bir platform olarak hizmet vermek i\u00e7in \u00e7al\u0131\u015fmalar\u0131n\u0131 s\u00fcrd\u00fcren Gen\u00e7lik Meclisi\u2019nin d\u00fczenledi\u011fi Mu\u011fla S\u0131tk\u0131 Ko\u00e7man \u00dcniversitesi \u00d6\u011frenci Topluluk Bulu\u015fmas\u0131\u2019na K\u0131y\u0131 Ege Belediyeler Birli\u011fi ve Mu\u011fla B\u00fcy\u00fck\u015fehir Belediye Ba\u015fkan\u0131 Ahmet Aras, B\u00fcy\u00fck\u015fehir Belediyesi Genel Sekreteri Tayfun Y\u0131lmaz, projelerle ilgili B\u00fcy\u00fck\u015fehir daire ba\u015fkanlar\u0131, Gen\u00e7lik Meclisi \u00fcyeleri ile birlikte \u00e7ok say\u0131da \u00f6\u011frenci kat\u0131ld\u0131. Program kapsam\u0131nda \u00f6\u011frencilere sunumlar yap\u0131larak hem Gen\u00e7lik Meclisi anlat\u0131ld\u0131 hem de kente dair ortak hedefler belirlendi.<br \/>\n<br \/>Bulu\u015fmaya kat\u0131lan \u00f6\u011frenciler Gen\u00e7lik Meclisi\u2019ne dair heyecanlar\u0131n\u0131, beklentilerini payla\u015ft\u0131lar.<br \/>\n<br \/>MSK\u00dc Siyaset Bilimi ve Uluslararas\u0131 \u0130li\u015fkiler \u00d6\u011frencisi Perihan Naml\u0131, &#8220;B\u00f6lgesel analiz toplulu\u011fu \u00fcyesi olarak bu bulu\u015fmaya kat\u0131ld\u0131m. Gen\u00e7lik Meclisi sayesinde topluluklar\u0131n bu \u015fekilde bir araya gelmesini faydal\u0131 buluyorum. Gen\u00e7lik Meclisi\u2019ni biz gen\u00e7lerin fikirlerine do\u011frudan eri\u015febilen ve \u00e7\u00f6z\u00fcm s\u00fcrecine do\u011frudan etki edebilece\u011fimiz bir platform olarak g\u00f6r\u00fcyorum&#8221;<br \/>\n<br \/>Kariyer Toplulu\u011fu Genel Ba\u015fkan\u0131 Recep Aras, &#8220;Bug\u00fcn burada ger\u00e7ekle\u015ftirilen etkinlik, hepimiz i\u00e7in son derece verimli ge\u00e7ti. Gen\u00e7lik Meclisi\u2019nin gen\u00e7 neslin beklentilerine hitap eden g\u00fc\u00e7l\u00fc ve ba\u015far\u0131l\u0131 bir olu\u015fum oldu\u011funu d\u00fc\u015f\u00fcn\u00fcyorum&#8221; dedi.<br \/>\n<br \/>MSK\u00dc Siyaset Bilimi ve Uluslararas\u0131 \u0130li\u015fkiler \u00d6\u011frencisi Kardelen Pa\u015fal\u0131, &#8220;Bu etkinli\u011fin d\u00fczenlendi\u011fini duydu\u011fumda \u00e7ok heyecanland\u0131m. \u00c7\u00fcnk\u00fc Mu\u011flal\u0131y\u0131m ve Mu\u011fla\u2019da topluluklar i\u00e7in yap\u0131lan ilk kapsaml\u0131 etkinlik diyebiliriz. Bu etkinlikle birlikte sorunlar\u0131m\u0131za ortak \u00e7\u00f6z\u00fcmler aray\u0131p bir ad\u0131m daha ileriye gidece\u011fimize inan\u0131yorum.&#8221;<br \/>\n<br \/>Mu\u011fla Gen\u00e7lik Meclisi Ba\u015fkan\u0131 Muzaffer Can Tekin, &#8220;Bu bulu\u015fmam\u0131z\u0131n amac\u0131 \u00fcniversitemizde yer alan \u00f6\u011frenci topluluklar\u0131 aras\u0131ndaki kopukluklar\u0131 gidermek ve ileti\u015fimi g\u00fc\u00e7lendirmek. Bu bulu\u015fmay\u0131 tabi ki B\u00fcy\u00fck\u015fehir Belediyemizin destekleriyle sa\u011flad\u0131k. Bulu\u015fma esnas\u0131nda hedefimiz ortak projeleri, ortak hedefleri, kente dair ortak ideallerimizi topluluklar\u0131m\u0131zla payla\u015fmay\u0131 hedefledik.&#8221;<br \/>\n<br \/>Genel Sekreter Y\u0131lmaz: &#8220;Gen\u00e7lik Meclisi, Bizleri \u00c7ok Heyecanland\u0131ran Bir Yap\u0131&#8221;<br \/>\n<br \/>Mu\u011fla S\u0131tk\u0131 Ko\u00e7man \u00dcniversitesi \u00d6\u011frenci Topluluk Bulu\u015fmas\u0131\u2019nda konu\u015fan Mu\u011fla B\u00fcy\u00fck\u015fehir Belediyesi Genel Sekreteri Tayfun Y\u0131lmaz, &#8220;B\u00fcy\u00fck\u015fehir Belediye Ba\u015fkan\u0131m\u0131z Say\u0131n Ahmet Aras\u2019\u0131n \u00f6nderli\u011finde Mu\u011fla Gen\u00e7lik Meclisi\u2019ni B\u00fcy\u00fck\u015fehir Belediyemiz b\u00fcnyesinde hayata ge\u00e7irdik. \u0130lk etapta 70 \u00fcyeyle ba\u015flayan ve ilerleyen s\u00fcre\u00e7te 700 \u00fcyeye kadar ula\u015fmas\u0131 hedeflenen Gen\u00e7lik Meclisi, bizleri son derece heyecanland\u0131ran, gen\u00e7lerin y\u00f6netime kat\u0131l\u0131m\u0131n\u0131 g\u00fc\u00e7lendirecek \u00f6nemli bir yap\u0131.&#8221; dedi.<br \/>\n<br \/>Ba\u015fkan Aras: &#8220;Gen\u00e7lik Meclisi\u2019nde En Temel \u0130lkemiz E\u015fitliktir&#8221;<br \/>\n<br \/>Mu\u011fla S\u0131tk\u0131 Ko\u00e7man \u00dcniversitesi \u00d6\u011frenci Topluluk Bulu\u015fmas\u0131\u2019na kat\u0131lan K\u0131y\u0131 Ege Belediyeler Birli\u011fi ve Mu\u011fla B\u00fcy\u00fck\u015fehir Belediye Ba\u015fkan\u0131 Ahmet Aras, gen\u00e7lere seslendi. Ba\u015fkan Aras: &#8220;Gen\u00e7lik Meclisi\u2019nin tamamen demokratik ve adil bir yap\u0131ya sahip olmas\u0131n\u0131 istiyoruz. Sizlerin \u00fcretti\u011fi ve hayata ge\u00e7irmek istedi\u011fi her \u00e7al\u0131\u015fmada, s\u00fcreci kolayla\u015ft\u0131rmak ve gerekli deste\u011fi sa\u011flamak bizim sorumlulu\u011fumuz olacak. Gen\u00e7lik Meclisi\u2019nde en temel ilkemiz e\u015fitliktir. Herkesin fikrini \u00f6zg\u00fcrce savunabildi\u011fi bir ortamda d\u00fc\u015f\u00fcnceler geli\u015fir. De\u011fi\u015fimi \u00f6nce buradan ba\u015flatacak, ard\u0131ndan mahallelere, Mu\u011fla\u2019ya ve belki de \u00fclke geneline yayaca\u011f\u0131z. Gen\u00e7lerden gelen her fikirde deste\u011fe haz\u0131r\u0131z.&#8221; a\u00e7\u0131klamalar\u0131nda bulundu.<br \/><\/p>\n","protected":false},"excerpt":{"rendered":"<p>Mu\u011fla Gen\u00e7lik Meclisi taraf\u0131ndan ger\u00e7ekle\u015ftirilen bulu\u015fmada Gen\u00e7lik Meclisi\u2019nin yap\u0131s\u0131 ve i\u015fleyi\u015fi hakk\u0131nda bilgilendirme yap\u0131l\u0131rken, \u00f6\u011frenci topluluklar\u0131n\u0131n g\u00f6r\u00fc\u015f ve talepleri de dinlendi. Yerel sorunlara \u00e7\u00f6z\u00fcm \u00f6nerilerinin geli\u015ftirilece\u011fi bir platform olarak hizmet vermek i\u00e7in \u00e7al\u0131\u015fmalar\u0131n\u0131 s\u00fcrd\u00fcren Gen\u00e7lik Meclisi\u2019nin d\u00fczenledi\u011fi Mu\u011fla S\u0131tk\u0131 Ko\u00e7man \u00dcniversitesi \u00d6\u011frenci Topluluk Bulu\u015fmas\u0131\u2019na K\u0131y\u0131 Ege Belediyeler Birli\u011fi ve Mu\u011fla B\u00fcy\u00fck\u015fehir Belediye Ba\u015fkan\u0131 Ahmet Aras,&#8230;<\/p>\n","protected":false},"author":1,"featured_media":76826,"comment_status":"open","ping_status":"open","sticky":false,"template":"","format":"standard","meta":{"_crdt_document":"","footnotes":""},"categories":[127],"tags":[],"class_list":["post-76825","post","type-post","status-publish","format-standard","has-post-thumbnail","hentry","category-siyaset"],"_links":{"self":[{"href":"https:\/\/www.egemtv.com\/index.php?rest_route=\/wp\/v2\/posts\/76825","targetHints":{"allow":["GET"]}}],"collection":[{"href":"https:\/\/www.egemtv.com\/index.php?rest_route=\/wp\/v2\/posts"}],"about":[{"href":"https:\/\/www.egemtv.com\/index.php?rest_route=\/wp\/v2\/types\/post"}],"author":[{"embeddable":true,"href":"https:\/\/www.egemtv.com\/index.php?rest_route=\/wp\/v2\/users\/1"}],"replies":[{"embeddable":true,"href":"https:\/\/www.egemtv.com\/index.php?rest_route=%2Fwp%2Fv2%2Fcomments&post=76825"}],"version-history":[{"count":1,"href":"https:\/\/www.egemtv.com\/index.php?rest_route=\/wp\/v2\/posts\/76825\/revisions"}],"predecessor-version":[{"id":76827,"href":"https:\/\/www.egemtv.com\/index.php?rest_route=\/wp\/v2\/posts\/76825\/revisions\/76827"}],"wp:featuredmedia":[{"embeddable":true,"href":"https:\/\/www.egemtv.com\/index.php?rest_route=\/wp\/v2\/media\/76826"}],"wp:attachment":[{"href":"https:\/\/www.egemtv.com\/index.php?rest_route=%2Fwp%2Fv2%2Fmedia&parent=76825"}],"wp:term":[{"taxonomy":"category","embeddable":true,"href":"https:\/\/www.egemtv.com\/index.php?rest_route=%2Fwp%2Fv2%2Fcategories&post=76825"},{"taxonomy":"post_tag","embeddable":true,"href":"https:\/\/www.egemtv.com\/index.php?rest_route=%2Fwp%2Fv2%2Ftags&post=76825"}],"curies":[{"name":"wp","href":"https:\/\/api.w.org\/{rel}","templated":true}]}}