{"id":76822,"date":"2025-12-26T14:14:47","date_gmt":"2025-12-26T11:14:47","guid":{"rendered":"https:\/\/www.egemtv.com\/?p=76822"},"modified":"2025-12-26T14:14:47","modified_gmt":"2025-12-26T11:14:47","slug":"abide-h-nuri-oncuer-huzurevi-depreme-dayanikli-sekilde-yeniden-insa-ediliyor","status":"publish","type":"post","link":"https:\/\/www.egemtv.com\/?p=76822","title":{"rendered":"Abide H. Nuri \u00d6nc\u00fcer Huzurevi depreme dayan\u0131kl\u0131 \u015fekilde yeniden in\u015fa ediliyor"},"content":{"rendered":"<p>Mu\u011fla B\u00fcy\u00fck\u015fehir Belediyesi taraf\u0131ndan yap\u0131m\u0131 ba\u015flat\u0131lan Abide H. Nuri \u00d6nc\u00fcer Huzurevi, Ya\u015fl\u0131 Bak\u0131m ve Rehabilitasyon Merkezi, depreme dayan\u0131kl\u0131 ve \u00e7a\u011fda\u015f bir anlay\u0131\u015fla yeniden in\u015fa ediliyor. Depreme dayan\u0131ks\u0131z oldu\u011fu tespit edilen mevcut yap\u0131n\u0131n y\u0131k\u0131m\u0131n\u0131n tamamlanmas\u0131n\u0131n ard\u0131ndan, ayn\u0131 alanda modern standartlara uygun yeni tesisin yap\u0131m s\u00fcreci h\u0131zla devam ediyor.<br \/>\n<br \/>Mu\u011fla B\u00fcy\u00fck\u015fehir Belediyesi m\u00fclkiyetinde bulunan ve temel atma t\u00f6reni yak\u0131n zamanda ger\u00e7ekle\u015ftirilen proje kapsam\u0131nda; ya\u015fl\u0131 bireylerin g\u00fcvenli, nitelikli ve b\u00fct\u00fcnc\u00fcl bak\u0131m hizmetlerine eri\u015fimini sa\u011flayacak, \u00e7a\u011fda\u015f mimari ve donan\u0131mla planlanan yeni merkez, tamamland\u0131\u011f\u0131nda kentte \u00f6nemli bir sosyal hizmet ihtiyac\u0131na yan\u0131t verecek.<br \/>\n<br \/>Yeni Merkez; Sa\u011fl\u0131k Birimleri, Sosyal Alanlar ve Konforlu Konaklama \u0130mk\u00e2nlar\u0131yla Hizmet Verecek<br \/>\n<br \/>\u00dc\u00e7 blok ve be\u015f kattan olu\u015facak yeni yap\u0131, 9 bin 514 metrekare kapal\u0131 in\u015faat alan\u0131na sahip olacak. S\u00fcrekli ve yat\u0131l\u0131 bak\u0131m hizmeti verecek 80 ki\u015fi kapasiteli Abide H. Nuri \u00d6nc\u00fcer Huzurevi Kompleksi; g\u00fcnd\u00fczl\u00fc bak\u0131m merkezi, aktif ya\u015fam merkezi ile ya\u015fl\u0131 bak\u0131m ve rehabilitasyon merkezi olmak \u00fczere \u00fc\u00e7 temel birimden olu\u015facak. Yeni tesis, sa\u011fl\u0131kl\u0131 ya\u015fl\u0131 bireylerin yan\u0131 s\u0131ra demans ve Alzheimer gibi hastal\u0131klar\u0131 bulunan, ayr\u0131ca evde ya\u015fam\u0131n\u0131 tek ba\u015f\u0131na s\u00fcrd\u00fcremeyen ya\u015fl\u0131lara da kapsaml\u0131 hizmetler sunmay\u0131 hedefliyor.<br \/>\n<br \/>K\u0131y\u0131 Ege Belediyeler Birli\u011fi ve Mu\u011fla B\u00fcy\u00fck\u015fehir Belediye Ba\u015fkan\u0131 Ahmet Aras, Abide H. Nuri \u00d6nc\u00fcer Huzurevi ve Ya\u015fl\u0131 Bak\u0131m ve Rehabilitasyon Merkezinde devam eden \u00e7al\u0131\u015fmalarla ilgili yapt\u0131\u011f\u0131 a\u00e7\u0131klamada \u015funlar\u0131 s\u00f6yledi:<br \/>\n<br \/>&#8220;Yap\u0131lan incelemeler sonucunda mevcut binan\u0131n deprem g\u00fcvenli\u011fi a\u00e7\u0131s\u0131ndan risk ta\u015f\u0131d\u0131\u011f\u0131n\u0131n belirlenmesi \u00fczerine, vatanda\u015flar\u0131m\u0131z\u0131n can g\u00fcvenli\u011fini \u00f6nceleyerek yap\u0131y\u0131 y\u0131kt\u0131k ve s\u00fcreci h\u0131zla yeniden ba\u015flatt\u0131k. \u0130n\u015fa etti\u011fimiz yeni merkez; sa\u011fl\u0131k birimleri, sosyal alanlar\u0131 ve konforlu konaklama imk\u00e2nlar\u0131yla ya\u015fl\u0131 bireylerimizin t\u00fcm ihtiya\u00e7lar\u0131na yan\u0131t verecek \u015fekilde planland\u0131. G\u00fcnd\u00fczl\u00fc bak\u0131m, aktif ya\u015fam ve yat\u0131l\u0131 bak\u0131m hizmetlerini bir arada sunacak bu \u00e7a\u011fda\u015f tesisle, b\u00fcy\u00fcklerimizin daha g\u00fcvenli, sa\u011fl\u0131kl\u0131 ve nitelikli bir ya\u015fam s\u00fcrmesini ama\u00e7l\u0131yoruz. Mu\u011fla B\u00fcy\u00fck\u015fehir Belediyesi olarak her ya\u015ftan yurtta\u015f\u0131m\u0131z i\u00e7in sosyal belediyecilik anlay\u0131\u015f\u0131yla \u00e7al\u0131\u015fmay\u0131 s\u00fcrd\u00fcrece\u011fiz&#8221; dedi.<br \/><\/p>\n","protected":false},"excerpt":{"rendered":"<p>Mu\u011fla B\u00fcy\u00fck\u015fehir Belediyesi taraf\u0131ndan yap\u0131m\u0131 ba\u015flat\u0131lan Abide H. Nuri \u00d6nc\u00fcer Huzurevi, Ya\u015fl\u0131 Bak\u0131m ve Rehabilitasyon Merkezi, depreme dayan\u0131kl\u0131 ve \u00e7a\u011fda\u015f bir anlay\u0131\u015fla yeniden in\u015fa ediliyor. Depreme dayan\u0131ks\u0131z oldu\u011fu tespit edilen mevcut yap\u0131n\u0131n y\u0131k\u0131m\u0131n\u0131n tamamlanmas\u0131n\u0131n ard\u0131ndan, ayn\u0131 alanda modern standartlara uygun yeni tesisin yap\u0131m s\u00fcreci h\u0131zla devam ediyor. Mu\u011fla B\u00fcy\u00fck\u015fehir Belediyesi m\u00fclkiyetinde bulunan ve temel atma&#8230;<\/p>\n","protected":false},"author":1,"featured_media":76823,"comment_status":"open","ping_status":"open","sticky":false,"template":"","format":"standard","meta":{"_crdt_document":"","footnotes":""},"categories":[123],"tags":[],"class_list":["post-76822","post","type-post","status-publish","format-standard","has-post-thumbnail","hentry","category-gundem"],"_links":{"self":[{"href":"https:\/\/www.egemtv.com\/index.php?rest_route=\/wp\/v2\/posts\/76822","targetHints":{"allow":["GET"]}}],"collection":[{"href":"https:\/\/www.egemtv.com\/index.php?rest_route=\/wp\/v2\/posts"}],"about":[{"href":"https:\/\/www.egemtv.com\/index.php?rest_route=\/wp\/v2\/types\/post"}],"author":[{"embeddable":true,"href":"https:\/\/www.egemtv.com\/index.php?rest_route=\/wp\/v2\/users\/1"}],"replies":[{"embeddable":true,"href":"https:\/\/www.egemtv.com\/index.php?rest_route=%2Fwp%2Fv2%2Fcomments&post=76822"}],"version-history":[{"count":1,"href":"https:\/\/www.egemtv.com\/index.php?rest_route=\/wp\/v2\/posts\/76822\/revisions"}],"predecessor-version":[{"id":76824,"href":"https:\/\/www.egemtv.com\/index.php?rest_route=\/wp\/v2\/posts\/76822\/revisions\/76824"}],"wp:featuredmedia":[{"embeddable":true,"href":"https:\/\/www.egemtv.com\/index.php?rest_route=\/wp\/v2\/media\/76823"}],"wp:attachment":[{"href":"https:\/\/www.egemtv.com\/index.php?rest_route=%2Fwp%2Fv2%2Fmedia&parent=76822"}],"wp:term":[{"taxonomy":"category","embeddable":true,"href":"https:\/\/www.egemtv.com\/index.php?rest_route=%2Fwp%2Fv2%2Fcategories&post=76822"},{"taxonomy":"post_tag","embeddable":true,"href":"https:\/\/www.egemtv.com\/index.php?rest_route=%2Fwp%2Fv2%2Ftags&post=76822"}],"curies":[{"name":"wp","href":"https:\/\/api.w.org\/{rel}","templated":true}]}}