{"id":76819,"date":"2025-12-26T14:14:46","date_gmt":"2025-12-26T11:14:46","guid":{"rendered":"https:\/\/www.egemtv.com\/?p=76819"},"modified":"2025-12-26T14:14:47","modified_gmt":"2025-12-26T11:14:47","slug":"pamukkale-belediyesi-mahalle-genclerinin-kullandigi-hali-sahayi-ucretli-yapti","status":"publish","type":"post","link":"https:\/\/www.egemtv.com\/?p=76819","title":{"rendered":"Pamukkale Belediyesi mahalle gen\u00e7lerinin kulland\u0131\u011f\u0131 hal\u0131 sahay\u0131 \u00fccretli yapt\u0131"},"content":{"rendered":"<p>Denizli\u2019nin Pamukkale il\u00e7esinde daha \u00f6nce \u00fccretsiz olarak hizmet veren hal\u0131 saha ge\u00e7ti\u011fimiz g\u00fcnlerde Pamukkale Belediyesi taraf\u0131ndan ihaleye \u00e7\u0131kar\u0131lmas\u0131n\u0131n ard\u0131ndan \u00fccretli hale geldi. hal\u0131 sahanu\u0131n \u00fccretli hale gelmesine mahalleli tepki g\u00f6sterirken AK Parti \u0130l\u00e7e Ba\u015fkan\u0131 Osman \u00d6zpek, &#8220;Mahallemizde bulunan gen\u00e7lerimizin \u00e7ocuklar\u0131m\u0131z\u0131n spor yapma imk\u00e2n\u0131 ellerinden al\u0131nm\u0131\u015ft\u0131r. Pamukkale Belediyesi\u2019nin bu yanl\u0131\u015ftan bir an \u00f6nce d\u00f6nmesini talep ediyoruz&#8221; dedi.<\/p>\n<p>Denizli\u2019nin Pamukkale il\u00e7esi Ba\u011fba\u015f\u0131 Mahallesi\u2019nde bulunan K\u00fclt\u00fcr Merkezi\u2019nin hemen arkas\u0131ndaki hal\u0131 saha tesislerinde mahallede ya\u015fayan \u00e7ocuk ve gen\u00e7ler i\u00e7in \u00fccretsiz spor yapma imkan\u0131 sa\u011flayan tesis tart\u0131\u015fma konusu oldu. AK Parti Pamukkale \u0130l\u00e7e Ba\u015fkan\u0131 Osman \u00d6zpek, tesisin Pamukkale Belediyesi taraf\u0131ndan \u00fccretli hale getirildi\u011fini s\u00f6yledi.  AK Parti Pamukkale \u0130l\u00e7e Ba\u015fkan\u0131 Osman \u00d6zpek taraf\u0131ndan yap\u0131lan a\u00e7\u0131klamada s\u00f6z konusu tesisin 25 Kas\u0131m itibar\u0131yla Pamukkale Belediyesi taraf\u0131ndan ihaleye \u00e7\u0131kar\u0131ld\u0131\u011f\u0131 ve ayl\u0131k 30 bin TL bedelle bir \u015fahsa kiraland\u0131\u011f\u0131 belirtildi. Ba\u015fkan \u00d6zpek, daha \u00f6nce mahalle gen\u00e7lerinin herhangi bir \u00fccret \u00f6demeden faydaland\u0131\u011f\u0131 sahan\u0131n \u00f6zelle\u015ftirilmesini &#8220;gen\u00e7lerin spor yapma hakk\u0131n\u0131n k\u0131s\u0131tlanmas\u0131&#8221; olarak nitelendirdi.<\/p>\n<p>&#8220;Yine \u00fccretsiz olmal\u0131&#8221;<br \/>\n<br \/>Tesisin ge\u00e7mi\u015fte oldu\u011fu gibi yine halk\u0131n kullan\u0131m\u0131na bedelsiz olarak sunulmas\u0131 gerekti\u011fini vurgulayan AK Parti Pamukkale \u0130l\u00e7e Ba\u015fkan\u0131 Osman \u00d6zpek, &#8220;Pamukkale il\u00e7emizin Ba\u011fba\u015f\u0131 Mahallesi\u2019ndeki K\u00fclt\u00fcr Merkezi\u2019mizin hemen arkas\u0131nda bulunan hal\u0131 sahaday\u0131z. AK Parti Belediyecili\u011fi d\u00f6neminde mahallemize kazand\u0131r\u0131lan bu tesis, \u00fccretsiz olarak mahallemizdeki gen\u00e7lerimize, \u00e7ocuklar\u0131m\u0131za spor yapma imk\u00e2n\u0131 verilmi\u015fti. CHP\u2019li Pamukkale Belediyesi taraf\u0131ndan 25 Kas\u0131m\u2019dan itibaren bu tesis ihaleye \u00e7\u0131kar\u0131lm\u0131\u015f, bir \u015fah\u0131sa 30 bin TL bedelle kiraya verilmi\u015ftir. Mahallemizde bulunan gen\u00e7lerimizin \u00e7ocuklar\u0131m\u0131z\u0131n spor yapma imk\u00e2n\u0131 ellerinden al\u0131nm\u0131\u015ft\u0131r. Pamukkale Belediyesi\u2019nin bu yanl\u0131\u015ftan bir an \u00f6nce d\u00f6nmesini talep ediyoruz. AK Parti d\u00f6neminde oldu\u011fu gibi \u00fccretsiz olarak yararlan\u0131lan bu sahadan, bug\u00fcn de Pamukkale Belediyesi\u2019nin bu yanl\u0131\u015f\u0131ndan d\u00f6n\u00fcp, mahalledeki gen\u00e7lerimizin \u00e7ocuklar\u0131m\u0131z\u0131n \u00fccretsiz olarak kullanmalar\u0131n\u0131 talep ediyorum&#8221; dedi.<br \/><\/p>\n","protected":false},"excerpt":{"rendered":"<p>Denizli\u2019nin Pamukkale il\u00e7esinde daha \u00f6nce \u00fccretsiz olarak hizmet veren hal\u0131 saha ge\u00e7ti\u011fimiz g\u00fcnlerde Pamukkale Belediyesi taraf\u0131ndan ihaleye \u00e7\u0131kar\u0131lmas\u0131n\u0131n ard\u0131ndan \u00fccretli hale geldi. hal\u0131 sahanu\u0131n \u00fccretli hale gelmesine mahalleli tepki g\u00f6sterirken AK Parti \u0130l\u00e7e Ba\u015fkan\u0131 Osman \u00d6zpek, &#8220;Mahallemizde bulunan gen\u00e7lerimizin \u00e7ocuklar\u0131m\u0131z\u0131n spor yapma imk\u00e2n\u0131 ellerinden al\u0131nm\u0131\u015ft\u0131r. Pamukkale Belediyesi\u2019nin bu yanl\u0131\u015ftan bir an \u00f6nce d\u00f6nmesini talep ediyoruz&#8221;&#8230;<\/p>\n","protected":false},"author":1,"featured_media":76820,"comment_status":"open","ping_status":"open","sticky":false,"template":"","format":"standard","meta":{"_crdt_document":"","footnotes":""},"categories":[4],"tags":[],"class_list":["post-76819","post","type-post","status-publish","format-standard","has-post-thumbnail","hentry","category-spor"],"_links":{"self":[{"href":"https:\/\/www.egemtv.com\/index.php?rest_route=\/wp\/v2\/posts\/76819","targetHints":{"allow":["GET"]}}],"collection":[{"href":"https:\/\/www.egemtv.com\/index.php?rest_route=\/wp\/v2\/posts"}],"about":[{"href":"https:\/\/www.egemtv.com\/index.php?rest_route=\/wp\/v2\/types\/post"}],"author":[{"embeddable":true,"href":"https:\/\/www.egemtv.com\/index.php?rest_route=\/wp\/v2\/users\/1"}],"replies":[{"embeddable":true,"href":"https:\/\/www.egemtv.com\/index.php?rest_route=%2Fwp%2Fv2%2Fcomments&post=76819"}],"version-history":[{"count":1,"href":"https:\/\/www.egemtv.com\/index.php?rest_route=\/wp\/v2\/posts\/76819\/revisions"}],"predecessor-version":[{"id":76821,"href":"https:\/\/www.egemtv.com\/index.php?rest_route=\/wp\/v2\/posts\/76819\/revisions\/76821"}],"wp:featuredmedia":[{"embeddable":true,"href":"https:\/\/www.egemtv.com\/index.php?rest_route=\/wp\/v2\/media\/76820"}],"wp:attachment":[{"href":"https:\/\/www.egemtv.com\/index.php?rest_route=%2Fwp%2Fv2%2Fmedia&parent=76819"}],"wp:term":[{"taxonomy":"category","embeddable":true,"href":"https:\/\/www.egemtv.com\/index.php?rest_route=%2Fwp%2Fv2%2Fcategories&post=76819"},{"taxonomy":"post_tag","embeddable":true,"href":"https:\/\/www.egemtv.com\/index.php?rest_route=%2Fwp%2Fv2%2Ftags&post=76819"}],"curies":[{"name":"wp","href":"https:\/\/api.w.org\/{rel}","templated":true}]}}