{"id":76816,"date":"2025-12-26T13:55:28","date_gmt":"2025-12-26T10:55:28","guid":{"rendered":"https:\/\/www.egemtv.com\/?p=76816"},"modified":"2025-12-26T13:55:29","modified_gmt":"2025-12-26T10:55:29","slug":"selendide-kros-yarisi-nefes-kesti","status":"publish","type":"post","link":"https:\/\/www.egemtv.com\/?p=76816","title":{"rendered":"Selendi\u2019de kros yar\u0131\u015f\u0131 nefes kesti"},"content":{"rendered":"<p>Manisa\u2019n\u0131n Selendi il\u00e7esinde \u0130l\u00e7e Gen\u00e7lik ve Spor M\u00fcd\u00fcrl\u00fc\u011f\u00fc taraf\u0131ndan d\u00fczenlenen kros ko\u015fusu yar\u0131\u015flar\u0131 b\u00fcy\u00fck heyecana sahne oldu. 120 sporcunun kat\u0131ld\u0131\u011f\u0131 organizasyonda dereceye giren sporcular \u00f6d\u00fcllendirildi.<br \/>\n<br \/>Selendi \u0130l\u00e7e Gen\u00e7lik ve Spor M\u00fcd\u00fcrl\u00fc\u011f\u00fc organizasyonunda ger\u00e7ekle\u015ftirilen kros ko\u015fusu, 1000, 1500 ve 2000 metre olmak \u00fczere 7 farkl\u0131 kategoride yap\u0131ld\u0131. Yar\u0131\u015flar Demokrasi Meydan\u0131\u2019nda sona erdi. Yar\u0131\u015fmalar, ortaokullar aras\u0131 1000 metre ko\u015fular\u0131yla ba\u015flad\u0131. K\u0131zlar kategorisinde Rukiye Ka\u00e7ar, erkekler kategorisinde ise Selim Do\u011fru birinci oldu. Liseler aras\u0131 1500 metre yar\u0131\u015flar\u0131nda k\u0131zlarda Esra Karaka\u015f, erkeklerde \u0130smail Bedri Akta\u015f birincili\u011fi elde etti. 18 ya\u015f \u00fcst\u00fc yeti\u015fkinler kategorisinde ko\u015fulan 2000 metre yar\u0131\u015flar\u0131nda erkeklerde Nurullah Sa\u011f\u0131r, k\u0131zlarda ise \u0130rem Arga\u00e7 birinci oldu. Veteranlar kategorisinde d\u00fczenlenen 1000 metre yar\u0131\u015f\u0131nda ise Ahmet Ertu\u011frul birincili\u011fi kazand\u0131.<br \/>\n<br \/>Yar\u0131\u015fmalar s\u0131ras\u0131nda baz\u0131 sporcular ko\u015fu esnas\u0131nda rahats\u0131zlan\u0131rken, sa\u011fl\u0131k ekipleri taraf\u0131ndan ambulans i\u00e7erisinde m\u00fcdahale edilerek tedavileri yap\u0131ld\u0131. Yar\u0131\u015fmalar sonunda dereceye giren sporculara \u00f6d\u00fclleri Selendi Kaymakam\u0131 M\u00fccahit Enes Y\u0131ld\u0131z, Selendi Belediye Ba\u015fkan\u0131 Murat Daban, \u0130l\u00e7e Jandarma Komutan\u0131 Yunus Emre Kurt ve \u0130l\u00e7e Emniyet Amiri Emre Gevanci taraf\u0131ndan verildi.<br \/>\n<br \/>Selendi \u0130l\u00e7e Gen\u00e7lik ve Spor M\u00fcd\u00fcr\u00fc Tayyar Selvi, organizasyona kat\u0131lan t\u00fcm sporcular\u0131 tebrik ederek, gen\u00e7lerin spor yapmas\u0131n\u0131n \u00f6nemine dikkat \u00e7ekti ve katk\u0131 sunan herkese te\u015fekk\u00fcr etti.<br \/><\/p>\n","protected":false},"excerpt":{"rendered":"<p>Manisa\u2019n\u0131n Selendi il\u00e7esinde \u0130l\u00e7e Gen\u00e7lik ve Spor M\u00fcd\u00fcrl\u00fc\u011f\u00fc taraf\u0131ndan d\u00fczenlenen kros ko\u015fusu yar\u0131\u015flar\u0131 b\u00fcy\u00fck heyecana sahne oldu. 120 sporcunun kat\u0131ld\u0131\u011f\u0131 organizasyonda dereceye giren sporcular \u00f6d\u00fcllendirildi. Selendi \u0130l\u00e7e Gen\u00e7lik ve Spor M\u00fcd\u00fcrl\u00fc\u011f\u00fc organizasyonunda ger\u00e7ekle\u015ftirilen kros ko\u015fusu, 1000, 1500 ve 2000 metre olmak \u00fczere 7 farkl\u0131 kategoride yap\u0131ld\u0131. Yar\u0131\u015flar Demokrasi Meydan\u0131\u2019nda sona erdi. Yar\u0131\u015fmalar, ortaokullar aras\u0131 1000&#8230;<\/p>\n","protected":false},"author":1,"featured_media":76817,"comment_status":"open","ping_status":"open","sticky":false,"template":"","format":"standard","meta":{"_crdt_document":"","footnotes":""},"categories":[4],"tags":[],"class_list":["post-76816","post","type-post","status-publish","format-standard","has-post-thumbnail","hentry","category-spor"],"_links":{"self":[{"href":"https:\/\/www.egemtv.com\/index.php?rest_route=\/wp\/v2\/posts\/76816","targetHints":{"allow":["GET"]}}],"collection":[{"href":"https:\/\/www.egemtv.com\/index.php?rest_route=\/wp\/v2\/posts"}],"about":[{"href":"https:\/\/www.egemtv.com\/index.php?rest_route=\/wp\/v2\/types\/post"}],"author":[{"embeddable":true,"href":"https:\/\/www.egemtv.com\/index.php?rest_route=\/wp\/v2\/users\/1"}],"replies":[{"embeddable":true,"href":"https:\/\/www.egemtv.com\/index.php?rest_route=%2Fwp%2Fv2%2Fcomments&post=76816"}],"version-history":[{"count":1,"href":"https:\/\/www.egemtv.com\/index.php?rest_route=\/wp\/v2\/posts\/76816\/revisions"}],"predecessor-version":[{"id":76818,"href":"https:\/\/www.egemtv.com\/index.php?rest_route=\/wp\/v2\/posts\/76816\/revisions\/76818"}],"wp:featuredmedia":[{"embeddable":true,"href":"https:\/\/www.egemtv.com\/index.php?rest_route=\/wp\/v2\/media\/76817"}],"wp:attachment":[{"href":"https:\/\/www.egemtv.com\/index.php?rest_route=%2Fwp%2Fv2%2Fmedia&parent=76816"}],"wp:term":[{"taxonomy":"category","embeddable":true,"href":"https:\/\/www.egemtv.com\/index.php?rest_route=%2Fwp%2Fv2%2Fcategories&post=76816"},{"taxonomy":"post_tag","embeddable":true,"href":"https:\/\/www.egemtv.com\/index.php?rest_route=%2Fwp%2Fv2%2Ftags&post=76816"}],"curies":[{"name":"wp","href":"https:\/\/api.w.org\/{rel}","templated":true}]}}