{"id":76813,"date":"2025-12-26T13:55:27","date_gmt":"2025-12-26T10:55:27","guid":{"rendered":"https:\/\/www.egemtv.com\/?p=76813"},"modified":"2025-12-26T13:55:28","modified_gmt":"2025-12-26T10:55:28","slug":"baskan-zencirci-germencikte-kimse-kendini-yalniz-hissetmeyecek","status":"publish","type":"post","link":"https:\/\/www.egemtv.com\/?p=76813","title":{"rendered":"Ba\u015fkan Zencirci: &#8220;Germencik\u2019te kimse kendini yaln\u0131z hissetmeyecek&#8221;"},"content":{"rendered":"<p>Germencik Belediyesi, Sosyal A\u011f\u0131 (GESA) ekipleri arac\u0131l\u0131\u011f\u0131yla il\u00e7enin d\u00f6rt bir yan\u0131nda ihtiya\u00e7 sahibi vatanda\u015flara y\u00f6nelik sosyal destek \u00e7al\u0131\u015fmalar\u0131n\u0131 aral\u0131ks\u0131z s\u00fcrd\u00fcr\u00fcyor.<\/p>\n<p>Germencik Belediye Ba\u015fkan\u0131 Burak Zencirci, belediye olarak sevgi ve dayan\u0131\u015fmay\u0131 il\u00e7enin her k\u00f6\u015fesine ta\u015f\u0131may\u0131 ama\u00e7lad\u0131klar\u0131n\u0131 belirterek, GESA ekipleriyle adeta iyili\u011fe k\u00f6pr\u00fc olduklar\u0131n\u0131 ifade etti. Bu kapsamda ihtiya\u00e7 sahibi vatanda\u015flara erzak ve yakacak odun deste\u011fi sa\u011flan\u0131rken, hasta bezi ve hasta yata\u011f\u0131 yard\u0131mlar\u0131yla da sa\u011fl\u0131k s\u00fcre\u00e7lerinde ailelerin y\u00fck\u00fc hafifletiliyor.<\/p>\n<p>Evden \u00e7\u0131kmakta zorlanan vatanda\u015flar i\u00e7in evde berber hizmeti sunulurken, hareket kabiliyeti k\u0131s\u0131tl\u0131 bireylere tekerlekli sandalye deste\u011fi de veriliyor. Bunun yan\u0131 s\u0131ra ikinci el e\u015fya yard\u0131mlar\u0131yla ev ihtiya\u00e7lar\u0131 kar\u015f\u0131lan\u0131rken, sokak hayvanlar\u0131 ve evcil dostlar i\u00e7in mama yard\u0131mlar\u0131 da ihmal edilmiyor.<\/p>\n<p>\u00d6te yandan \u2019Ho\u015f Geldin Bebek\u2019 projesiyle Germencik\u2019te d\u00fcnyaya g\u00f6zlerini a\u00e7an miniklerin ilk ihtiya\u00e7lar\u0131 belediye taraf\u0131ndan kar\u015f\u0131lan\u0131yor. Yeni do\u011fan bebeklere y\u00f6nelik haz\u0131rlanan destek paketleriyle ailelerin mutlulu\u011funa ortak olunuyor.<\/p>\n<p>Ba\u015fkan Zencirci, Germencik\u2019te hi\u00e7 kimsenin kendini yaln\u0131z hissetmemesi i\u00e7in belediye olarak her zaman vatanda\u015flar\u0131n yan\u0131nda olduklar\u0131n\u0131 vurgulad\u0131.<br \/><\/p>\n","protected":false},"excerpt":{"rendered":"<p>Germencik Belediyesi, Sosyal A\u011f\u0131 (GESA) ekipleri arac\u0131l\u0131\u011f\u0131yla il\u00e7enin d\u00f6rt bir yan\u0131nda ihtiya\u00e7 sahibi vatanda\u015flara y\u00f6nelik sosyal destek \u00e7al\u0131\u015fmalar\u0131n\u0131 aral\u0131ks\u0131z s\u00fcrd\u00fcr\u00fcyor. Germencik Belediye Ba\u015fkan\u0131 Burak Zencirci, belediye olarak sevgi ve dayan\u0131\u015fmay\u0131 il\u00e7enin her k\u00f6\u015fesine ta\u015f\u0131may\u0131 ama\u00e7lad\u0131klar\u0131n\u0131 belirterek, GESA ekipleriyle adeta iyili\u011fe k\u00f6pr\u00fc olduklar\u0131n\u0131 ifade etti. Bu kapsamda ihtiya\u00e7 sahibi vatanda\u015flara erzak ve yakacak odun deste\u011fi sa\u011flan\u0131rken,&#8230;<\/p>\n","protected":false},"author":1,"featured_media":76814,"comment_status":"open","ping_status":"open","sticky":false,"template":"","format":"standard","meta":{"_crdt_document":"","footnotes":""},"categories":[1],"tags":[],"class_list":["post-76813","post","type-post","status-publish","format-standard","has-post-thumbnail","hentry","category-guncel"],"_links":{"self":[{"href":"https:\/\/www.egemtv.com\/index.php?rest_route=\/wp\/v2\/posts\/76813","targetHints":{"allow":["GET"]}}],"collection":[{"href":"https:\/\/www.egemtv.com\/index.php?rest_route=\/wp\/v2\/posts"}],"about":[{"href":"https:\/\/www.egemtv.com\/index.php?rest_route=\/wp\/v2\/types\/post"}],"author":[{"embeddable":true,"href":"https:\/\/www.egemtv.com\/index.php?rest_route=\/wp\/v2\/users\/1"}],"replies":[{"embeddable":true,"href":"https:\/\/www.egemtv.com\/index.php?rest_route=%2Fwp%2Fv2%2Fcomments&post=76813"}],"version-history":[{"count":1,"href":"https:\/\/www.egemtv.com\/index.php?rest_route=\/wp\/v2\/posts\/76813\/revisions"}],"predecessor-version":[{"id":76815,"href":"https:\/\/www.egemtv.com\/index.php?rest_route=\/wp\/v2\/posts\/76813\/revisions\/76815"}],"wp:featuredmedia":[{"embeddable":true,"href":"https:\/\/www.egemtv.com\/index.php?rest_route=\/wp\/v2\/media\/76814"}],"wp:attachment":[{"href":"https:\/\/www.egemtv.com\/index.php?rest_route=%2Fwp%2Fv2%2Fmedia&parent=76813"}],"wp:term":[{"taxonomy":"category","embeddable":true,"href":"https:\/\/www.egemtv.com\/index.php?rest_route=%2Fwp%2Fv2%2Fcategories&post=76813"},{"taxonomy":"post_tag","embeddable":true,"href":"https:\/\/www.egemtv.com\/index.php?rest_route=%2Fwp%2Fv2%2Ftags&post=76813"}],"curies":[{"name":"wp","href":"https:\/\/api.w.org\/{rel}","templated":true}]}}