{"id":76807,"date":"2025-12-26T13:55:26","date_gmt":"2025-12-26T10:55:26","guid":{"rendered":"https:\/\/www.egemtv.com\/?p=76807"},"modified":"2025-12-26T13:55:27","modified_gmt":"2025-12-26T10:55:27","slug":"cameli-belediyesinden-guvenli-terazi-uygulamasi","status":"publish","type":"post","link":"https:\/\/www.egemtv.com\/?p=76807","title":{"rendered":"\u00c7ameli Belediyesinden \u2019g\u00fcvenli terazi\u2019 uygulamas\u0131"},"content":{"rendered":"<p>\u00c7ameli Belediyesi, il\u00e7e halk\u0131n\u0131n al\u0131\u015fveri\u015flerini daha g\u00fcvenli ve \u015feffaf bir ortamda yapabilmesi amac\u0131yla kapal\u0131 pazar yerinde G\u00fcvenli Terazi (Tart\u0131 Kontrol Noktas\u0131) uygulamas\u0131n\u0131 hayata ge\u00e7irdi.<br \/>\n<br \/>Zab\u0131ta M\u00fcd\u00fcrl\u00fc\u011f\u00fc ekipleri taraf\u0131ndan kurulan kontrol noktas\u0131nda vatanda\u015flar, sat\u0131n ald\u0131klar\u0131 \u00fcr\u00fcnleri an\u0131nda tartarak gramaj kontrol\u00fc yapabiliyor. Tart\u0131m sonucunda herhangi bir eksiklik ya da usuls\u00fczl\u00fck tespit edilmesi halinde ise zab\u0131ta ekiplerine ba\u015fvuruda bulunabiliyor.<br \/>\n<br \/>Uygulama sayesinde hem t\u00fcketici haklar\u0131n\u0131n korunmas\u0131 hem de esnaf ile vatanda\u015f aras\u0131nda g\u00fcven ortam\u0131n\u0131n g\u00fc\u00e7lendirilmesi hedefleniyor. G\u00fcvenli Terazi uygulamas\u0131, pazaryerinde al\u0131\u015fveri\u015f yapan vatanda\u015flar taraf\u0131ndan memnuniyetle kar\u015f\u0131land\u0131.<br \/><\/p>\n","protected":false},"excerpt":{"rendered":"<p>\u00c7ameli Belediyesi, il\u00e7e halk\u0131n\u0131n al\u0131\u015fveri\u015flerini daha g\u00fcvenli ve \u015feffaf bir ortamda yapabilmesi amac\u0131yla kapal\u0131 pazar yerinde G\u00fcvenli Terazi (Tart\u0131 Kontrol Noktas\u0131) uygulamas\u0131n\u0131 hayata ge\u00e7irdi. Zab\u0131ta M\u00fcd\u00fcrl\u00fc\u011f\u00fc ekipleri taraf\u0131ndan kurulan kontrol noktas\u0131nda vatanda\u015flar, sat\u0131n ald\u0131klar\u0131 \u00fcr\u00fcnleri an\u0131nda tartarak gramaj kontrol\u00fc yapabiliyor. Tart\u0131m sonucunda herhangi bir eksiklik ya da usuls\u00fczl\u00fck tespit edilmesi halinde ise zab\u0131ta ekiplerine ba\u015fvuruda&#8230;<\/p>\n","protected":false},"author":1,"featured_media":76808,"comment_status":"open","ping_status":"open","sticky":false,"template":"","format":"standard","meta":{"_crdt_document":"","footnotes":""},"categories":[125],"tags":[],"class_list":["post-76807","post","type-post","status-publish","format-standard","has-post-thumbnail","hentry","category-ekonomi"],"_links":{"self":[{"href":"https:\/\/www.egemtv.com\/index.php?rest_route=\/wp\/v2\/posts\/76807","targetHints":{"allow":["GET"]}}],"collection":[{"href":"https:\/\/www.egemtv.com\/index.php?rest_route=\/wp\/v2\/posts"}],"about":[{"href":"https:\/\/www.egemtv.com\/index.php?rest_route=\/wp\/v2\/types\/post"}],"author":[{"embeddable":true,"href":"https:\/\/www.egemtv.com\/index.php?rest_route=\/wp\/v2\/users\/1"}],"replies":[{"embeddable":true,"href":"https:\/\/www.egemtv.com\/index.php?rest_route=%2Fwp%2Fv2%2Fcomments&post=76807"}],"version-history":[{"count":1,"href":"https:\/\/www.egemtv.com\/index.php?rest_route=\/wp\/v2\/posts\/76807\/revisions"}],"predecessor-version":[{"id":76809,"href":"https:\/\/www.egemtv.com\/index.php?rest_route=\/wp\/v2\/posts\/76807\/revisions\/76809"}],"wp:featuredmedia":[{"embeddable":true,"href":"https:\/\/www.egemtv.com\/index.php?rest_route=\/wp\/v2\/media\/76808"}],"wp:attachment":[{"href":"https:\/\/www.egemtv.com\/index.php?rest_route=%2Fwp%2Fv2%2Fmedia&parent=76807"}],"wp:term":[{"taxonomy":"category","embeddable":true,"href":"https:\/\/www.egemtv.com\/index.php?rest_route=%2Fwp%2Fv2%2Fcategories&post=76807"},{"taxonomy":"post_tag","embeddable":true,"href":"https:\/\/www.egemtv.com\/index.php?rest_route=%2Fwp%2Fv2%2Ftags&post=76807"}],"curies":[{"name":"wp","href":"https:\/\/api.w.org\/{rel}","templated":true}]}}