{"id":76804,"date":"2025-12-26T13:35:26","date_gmt":"2025-12-26T10:35:26","guid":{"rendered":"https:\/\/www.egemtv.com\/?p=76804"},"modified":"2025-12-26T13:35:27","modified_gmt":"2025-12-26T10:35:27","slug":"aydinin-ahisi-gultere-ahi-esnaf-berati-verildi","status":"publish","type":"post","link":"https:\/\/www.egemtv.com\/?p=76804","title":{"rendered":"Ayd\u0131n\u2019\u0131n Ahisi G\u00fclter\u2019e Ahi Esnaf Berat\u0131 verildi"},"content":{"rendered":"<p>Ayd\u0131n\u2019da 2025 Y\u0131l\u0131n\u0131n Ahisi se\u00e7ilen oto tamircisi \u0130smail G\u00fclter\u2019e Ahi Esnaf Berat\u0131, Ticaret Bakan\u0131 Prof. Dr. \u00d6mer Bolat taraf\u0131ndan Ankara\u2019da d\u00fczenlenen t\u00f6rende verildi. T\u00f6rende AYESOB Ba\u015fkan\u0131 Muhammet Ali K\u00fcnkc\u00fc ile Ayd\u0131n\u2019dan giden davetlilerde haz\u0131r bulundu.<\/p>\n<p>Ticaret Bakanl\u0131\u011f\u0131\u2019n\u0131n ev sahipli\u011finde d\u00fczenlenen T\u00fcrkiye Ahilik Bulu\u015fmas\u0131 ve Ahi Esnaf Berat\u0131 Takdim T\u00f6reni, Ankara S\u00f6\u011f\u00fct\u00f6z\u00fc Yerle\u015fkesi\u2019nde yap\u0131ld\u0131. T\u00fcrkiye\u2019nin farkl\u0131 illerinden gelen esnaf temsilcileri, Ahilik k\u00fclt\u00fcr\u00fcn\u00fcn temel de\u011ferleri olan d\u00fcr\u00fcstl\u00fck, dayan\u0131\u015fma ve meslek ahlak\u0131 etraf\u0131nda bir araya geldi.<\/p>\n<p>Ayd\u0131n Esnaf ve Sanatkarlar Odalar\u0131 Birli\u011fi Ba\u015fkan\u0131 Muhammet Ali K\u00fcnkc\u00fc, t\u00f6rende Ayd\u0131n\u2019\u0131 temsilen \u00f6nemli isimlerle birlikte yer ald\u0131. 2025 Y\u0131l\u0131n\u0131n Ahisi se\u00e7ilen oto tamircisi esnaf\u0131 \u0130smail G\u00fclter\u2019in yan\u0131 s\u0131ra, Nazilli Demirciler Esnaf ve Sanatkarlar Odas\u0131 Ba\u015fkan\u0131 Nuri \u015eim\u015fek ve Ayd\u0131n Ticaret \u0130l M\u00fcd\u00fcr\u00fc Arif Aksu da programa kat\u0131l\u0131m sa\u011flad\u0131. Ayd\u0131nl\u0131 esnaf\u0131n Ahilik de\u011ferlerine ba\u011fl\u0131l\u0131\u011f\u0131n\u0131 her platformda g\u00f6stermesinden duydu\u011fu memnuniyeti dile getiren K\u00fcnkc\u00fc, bu t\u00fcr organizasyonlar\u0131n, esnaf\u0131n motivasyonunu art\u0131rd\u0131\u011f\u0131n\u0131 ve mesleki dayan\u0131\u015fmay\u0131 g\u00fc\u00e7lendirdi\u011fini ifade etti.<br \/><\/p>\n","protected":false},"excerpt":{"rendered":"<p>Ayd\u0131n\u2019da 2025 Y\u0131l\u0131n\u0131n Ahisi se\u00e7ilen oto tamircisi \u0130smail G\u00fclter\u2019e Ahi Esnaf Berat\u0131, Ticaret Bakan\u0131 Prof. Dr. \u00d6mer Bolat taraf\u0131ndan Ankara\u2019da d\u00fczenlenen t\u00f6rende verildi. T\u00f6rende AYESOB Ba\u015fkan\u0131 Muhammet Ali K\u00fcnkc\u00fc ile Ayd\u0131n\u2019dan giden davetlilerde haz\u0131r bulundu. Ticaret Bakanl\u0131\u011f\u0131\u2019n\u0131n ev sahipli\u011finde d\u00fczenlenen T\u00fcrkiye Ahilik Bulu\u015fmas\u0131 ve Ahi Esnaf Berat\u0131 Takdim T\u00f6reni, Ankara S\u00f6\u011f\u00fct\u00f6z\u00fc Yerle\u015fkesi\u2019nde yap\u0131ld\u0131. T\u00fcrkiye\u2019nin farkl\u0131&#8230;<\/p>\n","protected":false},"author":1,"featured_media":76805,"comment_status":"open","ping_status":"open","sticky":false,"template":"","format":"standard","meta":{"_crdt_document":"","footnotes":""},"categories":[1],"tags":[],"class_list":["post-76804","post","type-post","status-publish","format-standard","has-post-thumbnail","hentry","category-guncel"],"_links":{"self":[{"href":"https:\/\/www.egemtv.com\/index.php?rest_route=\/wp\/v2\/posts\/76804","targetHints":{"allow":["GET"]}}],"collection":[{"href":"https:\/\/www.egemtv.com\/index.php?rest_route=\/wp\/v2\/posts"}],"about":[{"href":"https:\/\/www.egemtv.com\/index.php?rest_route=\/wp\/v2\/types\/post"}],"author":[{"embeddable":true,"href":"https:\/\/www.egemtv.com\/index.php?rest_route=\/wp\/v2\/users\/1"}],"replies":[{"embeddable":true,"href":"https:\/\/www.egemtv.com\/index.php?rest_route=%2Fwp%2Fv2%2Fcomments&post=76804"}],"version-history":[{"count":1,"href":"https:\/\/www.egemtv.com\/index.php?rest_route=\/wp\/v2\/posts\/76804\/revisions"}],"predecessor-version":[{"id":76806,"href":"https:\/\/www.egemtv.com\/index.php?rest_route=\/wp\/v2\/posts\/76804\/revisions\/76806"}],"wp:featuredmedia":[{"embeddable":true,"href":"https:\/\/www.egemtv.com\/index.php?rest_route=\/wp\/v2\/media\/76805"}],"wp:attachment":[{"href":"https:\/\/www.egemtv.com\/index.php?rest_route=%2Fwp%2Fv2%2Fmedia&parent=76804"}],"wp:term":[{"taxonomy":"category","embeddable":true,"href":"https:\/\/www.egemtv.com\/index.php?rest_route=%2Fwp%2Fv2%2Fcategories&post=76804"},{"taxonomy":"post_tag","embeddable":true,"href":"https:\/\/www.egemtv.com\/index.php?rest_route=%2Fwp%2Fv2%2Ftags&post=76804"}],"curies":[{"name":"wp","href":"https:\/\/api.w.org\/{rel}","templated":true}]}}