{"id":76798,"date":"2025-12-26T13:14:48","date_gmt":"2025-12-26T10:14:48","guid":{"rendered":"https:\/\/www.egemtv.com\/?p=76798"},"modified":"2025-12-26T13:14:49","modified_gmt":"2025-12-26T10:14:49","slug":"gordeste-cilekler-engelliler-icin-yetisecek","status":"publish","type":"post","link":"https:\/\/www.egemtv.com\/?p=76798","title":{"rendered":"G\u00f6rdes\u2019te \u00e7ilekler engelliler i\u00e7in yeti\u015fecek"},"content":{"rendered":"<p>Manisa\u2019n\u0131n G\u00f6rdes il\u00e7esinde hayata ge\u00e7irilen &#8220;Sevgimizi Seram\u0131zda B\u00fcy\u00fct\u00fcyoruz&#8221; projesi kapsam\u0131nda okul bah\u00e7esinde kurulan serada yeti\u015ftirilecek \u00e7ileklerden elde edilecek gelir, engelli bireyler yarar\u0131na kullan\u0131lacak.<br \/>\n<br \/>Manisa\u2019n\u0131n G\u00f6rdes il\u00e7esine ba\u011fl\u0131 \u00c7i\u011filler \u0130lk\u00f6\u011fretim Okulu bah\u00e7esinde, &#8220;Sevgimizi Seram\u0131zda B\u00fcy\u00fct\u00fcyoruz&#8221; projesi kapsam\u0131nda 150 metrekarelik alanda kurulan serada \u00e7ilek dikimi ger\u00e7ekle\u015ftirildi.<br \/>\n<br \/>Manisa\u2019n\u0131n G\u00f6rdes il\u00e7esine ba\u011fl\u0131 \u00c7i\u011filler \u0130lk\u00f6\u011fretim Okulu bah\u00e7esinde, &#8220;Sevgimizi Seram\u0131zda B\u00fcy\u00fct\u00fcyoruz&#8221; projesi kapsam\u0131nda kurulan 150 metrekarelik serada \u00e7ilek dikimi ger\u00e7ekle\u015ftirildi. Proje ile hem \u00f6\u011frencilerin \u00fcretim s\u00fcrecine kat\u0131lmas\u0131 hem de elde edilecek gelirin sosyal sorumluluk kapsam\u0131nda engelli bireyler i\u00e7in de\u011ferlendirilmesi hedefleniyor.<br \/>\n<br \/>Programa; G\u00f6rdes \u0130l\u00e7e Milli E\u011fitim M\u00fcd\u00fcr\u00fc \u0130brahim Co\u015fkun \u00c7elik, \u0130l\u00e7e Milli E\u011fitim \u015eube M\u00fcd\u00fcr\u00fc H\u00fcseyin K\u0131rka\u015f, \u0130l\u00e7e Tar\u0131m M\u00fcd\u00fcr\u00fc Ahmet Bilgen, \u0130l\u00e7e Jandarma Komutan Vekili Jandarma Astsubay K\u0131demli \u00dc\u00e7v\u015f. Mehmet Kahraman, \u0130l\u00e7e Emniyet Amiri Vekili Komiser \u0130brahim Mal\u00e7ok, \u00c7i\u011filler \u0130lk\u00f6\u011fretim Okulu M\u00fcd\u00fcr\u00fc Ahmet \u0130nceer, \u00c7i\u011filler Mahalle Muhtar\u0131 Mehmet G\u00f6n\u00fclta\u015f, \u00f6\u011fretmenler, \u00f6\u011frenciler ve veliler kat\u0131ld\u0131.<br \/>\n<br \/>\u0130l\u00e7e Milli E\u011fitim M\u00fcd\u00fcr\u00fc \u0130brahim Co\u015fkun \u00c7elik, proje sayesinde \u00f6\u011frencilerde sorumluluk bilinci, \u00fcretim becerisi, \u00e7evre fark\u0131ndal\u0131\u011f\u0131 ve sosyal dayan\u0131\u015fma k\u00fclt\u00fcr\u00fcn\u00fcn geli\u015ftirilmesinin ama\u00e7land\u0131\u011f\u0131n\u0131 ifade etti. \u00c7elik, okul-aile-\u00e7evre i\u015f birli\u011fiyle \u00f6\u011frencilerin ger\u00e7ek ya\u015fam deneyimleri kazand\u0131\u011f\u0131n\u0131 belirterek, &#8220;Serada yeti\u015ftirilecek \u00e7ileklerden elde edilecek gelir, sosyal sorumluluk projesi kapsam\u0131nda yard\u0131ma ihtiyac\u0131 bulunan engelli bireylerin yarar\u0131na kullan\u0131lacak&#8221; dedi.<br \/>\n<br \/>Projenin T\u00fcrkiye Y\u00fczy\u0131l\u0131 Maarif Modeli\u2019nin ya\u015fayarak \u00f6\u011frenme, de\u011ferler e\u011fitimi, \u00fcretim k\u00fclt\u00fcr\u00fc ve do\u011fa temelli \u00f6\u011frenme ilkeleriyle uyumlu oldu\u011funu vurgulayan \u00c7elik, bu t\u00fcr \u00e7al\u0131\u015fmalar\u0131n \u00f6\u011frencilerin akademik geli\u015fimlerinin yan\u0131 s\u0131ra toplumsal duyarl\u0131l\u0131klar\u0131n\u0131 da art\u0131rd\u0131\u011f\u0131n\u0131 s\u00f6yledi.<br \/>\n<br \/>Program, \u00f6\u011frencilerin \u00e7ilek fidelerini toprakla bulu\u015fturmas\u0131yla sona erdi.<br \/><\/p>\n","protected":false},"excerpt":{"rendered":"<p>Manisa\u2019n\u0131n G\u00f6rdes il\u00e7esinde hayata ge\u00e7irilen &#8220;Sevgimizi Seram\u0131zda B\u00fcy\u00fct\u00fcyoruz&#8221; projesi kapsam\u0131nda okul bah\u00e7esinde kurulan serada yeti\u015ftirilecek \u00e7ileklerden elde edilecek gelir, engelli bireyler yarar\u0131na kullan\u0131lacak. Manisa\u2019n\u0131n G\u00f6rdes il\u00e7esine ba\u011fl\u0131 \u00c7i\u011filler \u0130lk\u00f6\u011fretim Okulu bah\u00e7esinde, &#8220;Sevgimizi Seram\u0131zda B\u00fcy\u00fct\u00fcyoruz&#8221; projesi kapsam\u0131nda 150 metrekarelik alanda kurulan serada \u00e7ilek dikimi ger\u00e7ekle\u015ftirildi. Manisa\u2019n\u0131n G\u00f6rdes il\u00e7esine ba\u011fl\u0131 \u00c7i\u011filler \u0130lk\u00f6\u011fretim Okulu bah\u00e7esinde, &#8220;Sevgimizi Seram\u0131zda B\u00fcy\u00fct\u00fcyoruz&#8221;&#8230;<\/p>\n","protected":false},"author":1,"featured_media":76799,"comment_status":"open","ping_status":"open","sticky":false,"template":"","format":"standard","meta":{"_crdt_document":"","footnotes":""},"categories":[1],"tags":[],"class_list":["post-76798","post","type-post","status-publish","format-standard","has-post-thumbnail","hentry","category-guncel"],"_links":{"self":[{"href":"https:\/\/www.egemtv.com\/index.php?rest_route=\/wp\/v2\/posts\/76798","targetHints":{"allow":["GET"]}}],"collection":[{"href":"https:\/\/www.egemtv.com\/index.php?rest_route=\/wp\/v2\/posts"}],"about":[{"href":"https:\/\/www.egemtv.com\/index.php?rest_route=\/wp\/v2\/types\/post"}],"author":[{"embeddable":true,"href":"https:\/\/www.egemtv.com\/index.php?rest_route=\/wp\/v2\/users\/1"}],"replies":[{"embeddable":true,"href":"https:\/\/www.egemtv.com\/index.php?rest_route=%2Fwp%2Fv2%2Fcomments&post=76798"}],"version-history":[{"count":1,"href":"https:\/\/www.egemtv.com\/index.php?rest_route=\/wp\/v2\/posts\/76798\/revisions"}],"predecessor-version":[{"id":76800,"href":"https:\/\/www.egemtv.com\/index.php?rest_route=\/wp\/v2\/posts\/76798\/revisions\/76800"}],"wp:featuredmedia":[{"embeddable":true,"href":"https:\/\/www.egemtv.com\/index.php?rest_route=\/wp\/v2\/media\/76799"}],"wp:attachment":[{"href":"https:\/\/www.egemtv.com\/index.php?rest_route=%2Fwp%2Fv2%2Fmedia&parent=76798"}],"wp:term":[{"taxonomy":"category","embeddable":true,"href":"https:\/\/www.egemtv.com\/index.php?rest_route=%2Fwp%2Fv2%2Fcategories&post=76798"},{"taxonomy":"post_tag","embeddable":true,"href":"https:\/\/www.egemtv.com\/index.php?rest_route=%2Fwp%2Fv2%2Ftags&post=76798"}],"curies":[{"name":"wp","href":"https:\/\/api.w.org\/{rel}","templated":true}]}}