{"id":76795,"date":"2025-12-26T13:14:47","date_gmt":"2025-12-26T10:14:47","guid":{"rendered":"https:\/\/www.egemtv.com\/?p=76795"},"modified":"2025-12-26T13:14:48","modified_gmt":"2025-12-26T10:14:48","slug":"bucakta-bacada-yangin-panigi","status":"publish","type":"post","link":"https:\/\/www.egemtv.com\/?p=76795","title":{"rendered":"Bucak\u2019ta bacada yang\u0131n pani\u011fi"},"content":{"rendered":"<p>Burdur\u2019un Bucak il\u00e7esinde bir evin bacas\u0131nda \u00e7\u0131kan yang\u0131n itfaiye ekiplerince s\u00f6nd\u00fcr\u00fcld\u00fc.<br \/>\n<br \/>Yang\u0131n, saat 11.00 s\u0131ralar\u0131nda Bucak il\u00e7esi Barbaros Mahallesi\u2019nde bulunan bir evde meydana geldi. Edinilen bilgiye g\u00f6re, evde bulunan bacada yo\u011fun duman gelmesi \u00fczerine 112 Acil \u00c7a\u011fr\u0131 Merkezi\u2019ne ihbarda bulunuldu. \u0130hbar \u00fczerine adrese itfaiye ekipleri sevk edildi. Ekipler taraf\u0131ndan bacada \u00e7\u0131kan yang\u0131n kontrol alt\u0131na al\u0131narak s\u00f6nd\u00fcr\u00fcld\u00fc.<br \/><\/p>\n","protected":false},"excerpt":{"rendered":"<p>Burdur\u2019un Bucak il\u00e7esinde bir evin bacas\u0131nda \u00e7\u0131kan yang\u0131n itfaiye ekiplerince s\u00f6nd\u00fcr\u00fcld\u00fc. Yang\u0131n, saat 11.00 s\u0131ralar\u0131nda Bucak il\u00e7esi Barbaros Mahallesi\u2019nde bulunan bir evde meydana geldi. Edinilen bilgiye g\u00f6re, evde bulunan bacada yo\u011fun duman gelmesi \u00fczerine 112 Acil \u00c7a\u011fr\u0131 Merkezi\u2019ne ihbarda bulunuldu. \u0130hbar \u00fczerine adrese itfaiye ekipleri sevk edildi. Ekipler taraf\u0131ndan bacada \u00e7\u0131kan yang\u0131n kontrol alt\u0131na al\u0131narak&#8230;<\/p>\n","protected":false},"author":1,"featured_media":76796,"comment_status":"open","ping_status":"open","sticky":false,"template":"","format":"standard","meta":{"_crdt_document":"","footnotes":""},"categories":[5],"tags":[],"class_list":["post-76795","post","type-post","status-publish","format-standard","has-post-thumbnail","hentry","category-asayis"],"_links":{"self":[{"href":"https:\/\/www.egemtv.com\/index.php?rest_route=\/wp\/v2\/posts\/76795","targetHints":{"allow":["GET"]}}],"collection":[{"href":"https:\/\/www.egemtv.com\/index.php?rest_route=\/wp\/v2\/posts"}],"about":[{"href":"https:\/\/www.egemtv.com\/index.php?rest_route=\/wp\/v2\/types\/post"}],"author":[{"embeddable":true,"href":"https:\/\/www.egemtv.com\/index.php?rest_route=\/wp\/v2\/users\/1"}],"replies":[{"embeddable":true,"href":"https:\/\/www.egemtv.com\/index.php?rest_route=%2Fwp%2Fv2%2Fcomments&post=76795"}],"version-history":[{"count":1,"href":"https:\/\/www.egemtv.com\/index.php?rest_route=\/wp\/v2\/posts\/76795\/revisions"}],"predecessor-version":[{"id":76797,"href":"https:\/\/www.egemtv.com\/index.php?rest_route=\/wp\/v2\/posts\/76795\/revisions\/76797"}],"wp:featuredmedia":[{"embeddable":true,"href":"https:\/\/www.egemtv.com\/index.php?rest_route=\/wp\/v2\/media\/76796"}],"wp:attachment":[{"href":"https:\/\/www.egemtv.com\/index.php?rest_route=%2Fwp%2Fv2%2Fmedia&parent=76795"}],"wp:term":[{"taxonomy":"category","embeddable":true,"href":"https:\/\/www.egemtv.com\/index.php?rest_route=%2Fwp%2Fv2%2Fcategories&post=76795"},{"taxonomy":"post_tag","embeddable":true,"href":"https:\/\/www.egemtv.com\/index.php?rest_route=%2Fwp%2Fv2%2Ftags&post=76795"}],"curies":[{"name":"wp","href":"https:\/\/api.w.org\/{rel}","templated":true}]}}