{"id":76792,"date":"2025-12-26T12:54:59","date_gmt":"2025-12-26T09:54:59","guid":{"rendered":"https:\/\/www.egemtv.com\/?p=76792"},"modified":"2025-12-26T12:55:00","modified_gmt":"2025-12-26T09:55:00","slug":"kutahyada-sanayi-ve-universite-guclerini-birlestirdi","status":"publish","type":"post","link":"https:\/\/www.egemtv.com\/?p=76792","title":{"rendered":"K\u00fctahya\u2019da sanayi ve \u00fcniversite g\u00fc\u00e7lerini birle\u015ftirdi"},"content":{"rendered":"<p>K\u00fctahya Organize Sanayi B\u00f6lgesi (OSB) ile K\u00fctahya Dumlup\u0131nar \u00dcniversitesi aras\u0131nda, sanayi-\u00fcniversite i\u015f birli\u011fini g\u00fc\u00e7lendirmeye y\u00f6nelik protokol imzaland\u0131.<br \/>\n<br \/>K\u00fctahya OSB Y\u00f6netim Kurulu Ba\u015fkan\u0131 Tolga Eskio\u011flu ile K\u00fctahya Dumlup\u0131nar \u00dcniversitesi Rekt\u00f6r\u00fc Prof. Dr. S\u00fcleyman K\u0131ziltoprak, K\u00fctahya OSB M\u00fcd\u00fcrl\u00fc\u011f\u00fc toplant\u0131 salonunda d\u00fczenlenen t\u00f6renle i\u015f birli\u011fi protokol\u00fcne imza att\u0131.<br \/>\n<br \/>\u0130mzalanan protokol kapsam\u0131nda; \u00fcniversite \u00f6\u011frencilerinin mesleki geli\u015fimlerinin desteklenmesi, sanayinin ihtiya\u00e7 duydu\u011fu nitelikli i\u015f g\u00fcc\u00fcn\u00fcn yeti\u015ftirilmesi, staj ve istihdam imkanlar\u0131n\u0131n art\u0131r\u0131lmas\u0131 ile ortak e\u011fitim, proje ve Ar-Ge faaliyetlerinin geli\u015ftirilmesi hedefleniyor.<br \/>\n<br \/>Protokole ili\u015fkin de\u011ferlendirmelerde bulunan K\u00fctahya OSB Y\u00f6netim Kurulu Ba\u015fkan\u0131 Tolga Eskio\u011flu, sanayi ile \u00fcniversite aras\u0131ndaki g\u00fc\u00e7l\u00fc ba\u011f\u0131n \u00f6nemine dikkat \u00e7ekerek, &#8220;Sanayimizin s\u00fcrd\u00fcr\u00fclebilir b\u00fcy\u00fcmesi ve rekabet g\u00fcc\u00fcn\u00fcn art\u0131r\u0131lmas\u0131 nitelikli insan kayna\u011f\u0131yla do\u011frudan ili\u015fkilidir. Bu protokol sayesinde \u00f6\u011frencilerimizi e\u011fitim hayatlar\u0131 devam ederken sanayiyle bulu\u015fturmay\u0131 ve teorik bilgilerini uygulamayla peki\u015ftirmelerini ama\u00e7l\u0131yoruz. \u0130\u015f birli\u011finin hem gen\u00e7lerimizin istihdam\u0131na hem de firmalar\u0131m\u0131z\u0131n do\u011fru insan kayna\u011f\u0131na ula\u015fmas\u0131na katk\u0131 sa\u011flayaca\u011f\u0131na inan\u0131yoruz&#8221; dedi.<\/p>\n<p>&#8220;\u00d6\u011frencilerimiz saha deneyimi kazanacak&#8221;<br \/>\n<br \/>K\u00fctahya Dumlup\u0131nar \u00dcniversitesi Rekt\u00f6r\u00fc Prof. Dr. S\u00fcleyman K\u0131ziltoprak ise \u00fcniversitelerin yaln\u0131zca akademik bilgi \u00fcreten kurumlar olmad\u0131\u011f\u0131n\u0131 vurgulayarak, &#8220;\u00d6\u011frencilerimizi mezuniyet sonras\u0131 i\u015f hayat\u0131na en donan\u0131ml\u0131 \u015fekilde haz\u0131rlamak temel hedeflerimiz aras\u0131nda yer al\u0131yor. K\u00fctahya OSB ile hayata ge\u00e7irilen bu protokol, \u00f6\u011frencilerimizin sahada deneyim kazanmalar\u0131na ve sanayinin ger\u00e7ek ihtiya\u00e7lar\u0131n\u0131 yak\u0131ndan tan\u0131malar\u0131na imk\u00e2n sa\u011flayacakt\u0131r. \u0130\u015f birli\u011finin hem \u00f6\u011frencilerimiz hem de K\u00fctahya sanayisi i\u00e7in \u00f6nemli kazan\u0131mlar olu\u015fturaca\u011f\u0131na inan\u0131yorum&#8221; ifadelerini kulland\u0131.<br \/>\n<br \/>Protokol do\u011frultusunda \u00f6\u011frenciler, K\u00fctahya OSB b\u00fcnyesinde faaliyet g\u00f6steren firmalarda staj yapma imk\u00e2n\u0131 bulacak. Ayr\u0131ca OSB Akademi \u00e7at\u0131s\u0131 alt\u0131nda d\u00fczenlenecek e\u011fitimler, seminerler ve teknik gezilerle \u00f6\u011frencilerin i\u015f d\u00fcnyas\u0131na daha donan\u0131ml\u0131 \u015fekilde haz\u0131rlanmas\u0131 sa\u011flanacak. \u0130\u015f\u2019te OSB Kariyer Platformu \u00fczerinden i\u015f ve staj ilanlar\u0131 da \u00f6\u011frencilere do\u011frudan ula\u015ft\u0131r\u0131lacak.<br \/>\n<br \/>K\u00fctahya Organize Sanayi B\u00f6lgesi ile K\u00fctahya Dumlup\u0131nar \u00dcniversitesi aras\u0131nda hayata ge\u00e7irilen bu i\u015f birli\u011fiyle, \u00fcniversite-sanayi entegrasyonunun g\u00fc\u00e7lendirilmesi, gen\u00e7lerin kariyer yolculuklar\u0131na somut katk\u0131lar sunulmas\u0131 ve K\u00fctahya sanayisinin insan kayna\u011f\u0131 kapasitesinin art\u0131r\u0131lmas\u0131 ama\u00e7lan\u0131yor.<br \/><\/p>\n","protected":false},"excerpt":{"rendered":"<p>K\u00fctahya Organize Sanayi B\u00f6lgesi (OSB) ile K\u00fctahya Dumlup\u0131nar \u00dcniversitesi aras\u0131nda, sanayi-\u00fcniversite i\u015f birli\u011fini g\u00fc\u00e7lendirmeye y\u00f6nelik protokol imzaland\u0131. K\u00fctahya OSB Y\u00f6netim Kurulu Ba\u015fkan\u0131 Tolga Eskio\u011flu ile K\u00fctahya Dumlup\u0131nar \u00dcniversitesi Rekt\u00f6r\u00fc Prof. Dr. S\u00fcleyman K\u0131ziltoprak, K\u00fctahya OSB M\u00fcd\u00fcrl\u00fc\u011f\u00fc toplant\u0131 salonunda d\u00fczenlenen t\u00f6renle i\u015f birli\u011fi protokol\u00fcne imza att\u0131. \u0130mzalanan protokol kapsam\u0131nda; \u00fcniversite \u00f6\u011frencilerinin mesleki geli\u015fimlerinin desteklenmesi, sanayinin ihtiya\u00e7&#8230;<\/p>\n","protected":false},"author":1,"featured_media":76793,"comment_status":"open","ping_status":"open","sticky":false,"template":"","format":"standard","meta":{"_crdt_document":"","footnotes":""},"categories":[125],"tags":[],"class_list":["post-76792","post","type-post","status-publish","format-standard","has-post-thumbnail","hentry","category-ekonomi"],"_links":{"self":[{"href":"https:\/\/www.egemtv.com\/index.php?rest_route=\/wp\/v2\/posts\/76792","targetHints":{"allow":["GET"]}}],"collection":[{"href":"https:\/\/www.egemtv.com\/index.php?rest_route=\/wp\/v2\/posts"}],"about":[{"href":"https:\/\/www.egemtv.com\/index.php?rest_route=\/wp\/v2\/types\/post"}],"author":[{"embeddable":true,"href":"https:\/\/www.egemtv.com\/index.php?rest_route=\/wp\/v2\/users\/1"}],"replies":[{"embeddable":true,"href":"https:\/\/www.egemtv.com\/index.php?rest_route=%2Fwp%2Fv2%2Fcomments&post=76792"}],"version-history":[{"count":1,"href":"https:\/\/www.egemtv.com\/index.php?rest_route=\/wp\/v2\/posts\/76792\/revisions"}],"predecessor-version":[{"id":76794,"href":"https:\/\/www.egemtv.com\/index.php?rest_route=\/wp\/v2\/posts\/76792\/revisions\/76794"}],"wp:featuredmedia":[{"embeddable":true,"href":"https:\/\/www.egemtv.com\/index.php?rest_route=\/wp\/v2\/media\/76793"}],"wp:attachment":[{"href":"https:\/\/www.egemtv.com\/index.php?rest_route=%2Fwp%2Fv2%2Fmedia&parent=76792"}],"wp:term":[{"taxonomy":"category","embeddable":true,"href":"https:\/\/www.egemtv.com\/index.php?rest_route=%2Fwp%2Fv2%2Fcategories&post=76792"},{"taxonomy":"post_tag","embeddable":true,"href":"https:\/\/www.egemtv.com\/index.php?rest_route=%2Fwp%2Fv2%2Ftags&post=76792"}],"curies":[{"name":"wp","href":"https:\/\/api.w.org\/{rel}","templated":true}]}}