{"id":76789,"date":"2025-12-26T12:54:58","date_gmt":"2025-12-26T09:54:58","guid":{"rendered":"https:\/\/www.egemtv.com\/?p=76789"},"modified":"2025-12-26T12:54:59","modified_gmt":"2025-12-26T09:54:59","slug":"marmariste-yeni-yil-oncesi-trafik-denetimleri-siklastirildi","status":"publish","type":"post","link":"https:\/\/www.egemtv.com\/?p=76789","title":{"rendered":"Marmaris\u2019te yeni y\u0131l \u00f6ncesi trafik denetimleri s\u0131kla\u015ft\u0131r\u0131ld\u0131"},"content":{"rendered":"<p>Marmaris \u0130l\u00e7e Emniyet M\u00fcd\u00fcrl\u00fc\u011f\u00fc, y\u0131lba\u015f\u0131 \u00f6ncesinde artan ara\u00e7 yo\u011funlu\u011fu nedeniyle trafik g\u00fcvenli\u011fini sa\u011flamak amac\u0131yla denetimlerini art\u0131rd\u0131. Hem karadan ekipler ile hem de havadan dron ile kurallara uymayan onlarca s\u00fcr\u00fcc\u00fc denetlendi.<\/p>\n<p>Marmaris \u0130l\u00e7e Emniyet M\u00fcd\u00fcrl\u00fc\u011f\u00fc\u2019ne ba\u011fl\u0131 Trafik Tescil ve Denetleme B\u00fcro Amirli\u011fi ekipleri, il\u00e7e giri\u015f ve \u00e7\u0131k\u0131\u015flar\u0131 ba\u015fta olmak \u00fczere kritik noktalarda devriye faaliyetlerini s\u0131kla\u015ft\u0131rarak denetim ve uygulamalar ger\u00e7ekle\u015ftirdi. Ekipler, trafik ak\u0131\u015f\u0131n\u0131n yo\u011fun oldu\u011fu g\u00fczergahlarda hem sabit hem de hareketli denetimler yapt\u0131.<\/p>\n<p>Denetimler kapsam\u0131nda il\u00e7e trafi\u011fi dron destekli olarak havadan da kontrol edilirken, trafik kurallar\u0131na uymayan s\u00fcr\u00fcc\u00fclere cezai i\u015flem uyguland\u0131. Sadece seyir halindeki ara\u00e7lar de\u011fil, hatal\u0131 park yapan ara\u00e7lar da tespit edilerek cezai i\u015flemler uyguland\u0131.<\/p>\n<p>Marmaris \u0130l\u00e7e Emniyet M\u00fcd\u00fcrl\u00fc\u011f\u00fc, y\u0131lba\u015f\u0131 \u00f6ncesinde ve sonras\u0131nda trafik denetimlerinin d\u00fczenli olarak devam edece\u011fini belirterek, vatanda\u015flar\u0131n kendi can ve mal g\u00fcvenlikleri ile di\u011fer yol kullan\u0131c\u0131lar\u0131n\u0131n g\u00fcvenli\u011fi i\u00e7in trafik kurallar\u0131na uymalar\u0131 \u00e7a\u011fr\u0131s\u0131nda bulundu.<br \/><\/p>\n","protected":false},"excerpt":{"rendered":"<p>Marmaris \u0130l\u00e7e Emniyet M\u00fcd\u00fcrl\u00fc\u011f\u00fc, y\u0131lba\u015f\u0131 \u00f6ncesinde artan ara\u00e7 yo\u011funlu\u011fu nedeniyle trafik g\u00fcvenli\u011fini sa\u011flamak amac\u0131yla denetimlerini art\u0131rd\u0131. Hem karadan ekipler ile hem de havadan dron ile kurallara uymayan onlarca s\u00fcr\u00fcc\u00fc denetlendi. Marmaris \u0130l\u00e7e Emniyet M\u00fcd\u00fcrl\u00fc\u011f\u00fc\u2019ne ba\u011fl\u0131 Trafik Tescil ve Denetleme B\u00fcro Amirli\u011fi ekipleri, il\u00e7e giri\u015f ve \u00e7\u0131k\u0131\u015flar\u0131 ba\u015fta olmak \u00fczere kritik noktalarda devriye faaliyetlerini s\u0131kla\u015ft\u0131rarak denetim&#8230;<\/p>\n","protected":false},"author":1,"featured_media":76790,"comment_status":"open","ping_status":"open","sticky":false,"template":"","format":"standard","meta":{"_crdt_document":"","footnotes":""},"categories":[5],"tags":[],"class_list":["post-76789","post","type-post","status-publish","format-standard","has-post-thumbnail","hentry","category-asayis"],"_links":{"self":[{"href":"https:\/\/www.egemtv.com\/index.php?rest_route=\/wp\/v2\/posts\/76789","targetHints":{"allow":["GET"]}}],"collection":[{"href":"https:\/\/www.egemtv.com\/index.php?rest_route=\/wp\/v2\/posts"}],"about":[{"href":"https:\/\/www.egemtv.com\/index.php?rest_route=\/wp\/v2\/types\/post"}],"author":[{"embeddable":true,"href":"https:\/\/www.egemtv.com\/index.php?rest_route=\/wp\/v2\/users\/1"}],"replies":[{"embeddable":true,"href":"https:\/\/www.egemtv.com\/index.php?rest_route=%2Fwp%2Fv2%2Fcomments&post=76789"}],"version-history":[{"count":1,"href":"https:\/\/www.egemtv.com\/index.php?rest_route=\/wp\/v2\/posts\/76789\/revisions"}],"predecessor-version":[{"id":76791,"href":"https:\/\/www.egemtv.com\/index.php?rest_route=\/wp\/v2\/posts\/76789\/revisions\/76791"}],"wp:featuredmedia":[{"embeddable":true,"href":"https:\/\/www.egemtv.com\/index.php?rest_route=\/wp\/v2\/media\/76790"}],"wp:attachment":[{"href":"https:\/\/www.egemtv.com\/index.php?rest_route=%2Fwp%2Fv2%2Fmedia&parent=76789"}],"wp:term":[{"taxonomy":"category","embeddable":true,"href":"https:\/\/www.egemtv.com\/index.php?rest_route=%2Fwp%2Fv2%2Fcategories&post=76789"},{"taxonomy":"post_tag","embeddable":true,"href":"https:\/\/www.egemtv.com\/index.php?rest_route=%2Fwp%2Fv2%2Ftags&post=76789"}],"curies":[{"name":"wp","href":"https:\/\/api.w.org\/{rel}","templated":true}]}}