{"id":76786,"date":"2025-12-26T12:54:57","date_gmt":"2025-12-26T09:54:57","guid":{"rendered":"https:\/\/www.egemtv.com\/?p=76786"},"modified":"2025-12-26T12:54:58","modified_gmt":"2025-12-26T09:54:58","slug":"adnan-menderes-stadyumunda-cim-serildi","status":"publish","type":"post","link":"https:\/\/www.egemtv.com\/?p=76786","title":{"rendered":"Adnan Menderes Stadyumu\u2019nda \u00e7im serildi"},"content":{"rendered":"<p>Ayd\u0131n\u2019\u0131n Efeler il\u00e7esinde bulunan ve depreme dayan\u0131ks\u0131z oldu\u011fu gerek\u00e7esiyle y\u0131k\u0131lan Adnan Menderes Stadyumu alan\u0131na yap\u0131lacak olan 6 bin ki\u015filik yeni stadyumda \u00e7al\u0131\u015fmalar s\u00fcrerken, \u00e7im serimi ger\u00e7ekle\u015ftirildi.<\/p>\n<p>Ayd\u0131n\u2019\u0131n spor alan\u0131nda simge yerlerinden olan ve bir d\u00f6nem Ayd\u0131nspor\u2019un birinci lig ma\u00e7lar\u0131na ev sahipli\u011fi yapan Adnan Menderes Stadyumu\u2019nun, depreme dayan\u0131ks\u0131z oldu\u011fu gerek\u00e7esiyle y\u0131k\u0131lmas\u0131n\u0131n ard\u0131ndan yeni stadyum i\u00e7in ba\u015flat\u0131lan \u00e7al\u0131\u015fmalar s\u00fcr\u00fcyor. S\u00f6zle\u015fme bedeli 202 milyon TL olan yeni stadyumun \u00f6n\u00fcm\u00fczdeki aylarda tamamlanmas\u0131 beklenirken, stadyumda \u00e7elik trib\u00fcnlerin b\u00fcy\u00fck b\u00f6l\u00fcm\u00fc tamamland\u0131. Havadan son durumu g\u00f6r\u00fcnt\u00fclenen yeni stadyumda FIFA standartlar\u0131ndaki \u00e7imlerin seriminin yap\u0131ld\u0131\u011f\u0131 g\u00f6r\u00fcld\u00fc.<\/p>\n<p>Stadyumun do\u011fal \u00e7im sahas\u0131, ileri altyap\u0131 sistemleri, tartan pisti, saha ayd\u0131nlatmalar\u0131, su deposu ve yenilenmi\u015f deplasman alanlar\u0131yla modern bir spor kompleksi haline gelmesi beklenirken, do\u011fu ve kar\u015f\u0131 trib\u00fcnlerde k\u00fc\u00e7\u00fck dokunu\u015flar\u0131n kald\u0131\u011f\u0131, bat\u0131 trib\u00fcn\u00fcnde ise enerji odalar\u0131, teknik odalar, kazan dairesi, seyirci tuvaletleri ve antrenman salonlar\u0131n\u0131n tamamlanmak \u00fczere oldu\u011fu \u00f6\u011frenildi.<\/p>\n<p>\u0130ki katl\u0131 do\u011fu trib\u00fcn\u00fcnde protokol trib\u00fcn\u00fc, bas\u0131n trib\u00fcn\u00fc, seyir localar\u0131, hakem ve soyunma odalar\u0131, sa\u011fl\u0131k ve ilk yard\u0131m odas\u0131, doping kontrol odalar\u0131, temsilci ve antren\u00f6r odalar\u0131, canl\u0131 yay\u0131n kamera platformlar\u0131, mescit ve geni\u015f fuaye alanlar\u0131n\u0131n yer alaca\u011f\u0131 stadyumda 6 kulvarl\u0131 atletizm pisti, misafir ve ev sahibi olmak \u00fczere 2 adet soyunma odas\u0131, 18 adet loca, \u0130lk yard\u0131m odas\u0131, bay ve bayan hakem olmak \u00fczere 2 adet soyunma odas\u0131, akreditasyon odas\u0131, 2 adet rezerv oda, bas\u0131n \u00e7al\u0131\u015fma odas\u0131, doping odas\u0131, sa\u011fl\u0131k odas\u0131, teshin merkezi, TV ve radyo anlat\u0131m odalar\u0131, g\u00f6zlemci odas\u0131, \u015fok havuzu, resepsiyon salonu, 3 adet antrenman salonu ve bunlara ait du\u015f ile tuvaletler bulunacak.<br \/><\/p>\n","protected":false},"excerpt":{"rendered":"<p>Ayd\u0131n\u2019\u0131n Efeler il\u00e7esinde bulunan ve depreme dayan\u0131ks\u0131z oldu\u011fu gerek\u00e7esiyle y\u0131k\u0131lan Adnan Menderes Stadyumu alan\u0131na yap\u0131lacak olan 6 bin ki\u015filik yeni stadyumda \u00e7al\u0131\u015fmalar s\u00fcrerken, \u00e7im serimi ger\u00e7ekle\u015ftirildi. Ayd\u0131n\u2019\u0131n spor alan\u0131nda simge yerlerinden olan ve bir d\u00f6nem Ayd\u0131nspor\u2019un birinci lig ma\u00e7lar\u0131na ev sahipli\u011fi yapan Adnan Menderes Stadyumu\u2019nun, depreme dayan\u0131ks\u0131z oldu\u011fu gerek\u00e7esiyle y\u0131k\u0131lmas\u0131n\u0131n ard\u0131ndan yeni stadyum i\u00e7in ba\u015flat\u0131lan&#8230;<\/p>\n","protected":false},"author":1,"featured_media":76787,"comment_status":"open","ping_status":"open","sticky":false,"template":"","format":"standard","meta":{"_crdt_document":"","footnotes":""},"categories":[4],"tags":[],"class_list":["post-76786","post","type-post","status-publish","format-standard","has-post-thumbnail","hentry","category-spor"],"_links":{"self":[{"href":"https:\/\/www.egemtv.com\/index.php?rest_route=\/wp\/v2\/posts\/76786","targetHints":{"allow":["GET"]}}],"collection":[{"href":"https:\/\/www.egemtv.com\/index.php?rest_route=\/wp\/v2\/posts"}],"about":[{"href":"https:\/\/www.egemtv.com\/index.php?rest_route=\/wp\/v2\/types\/post"}],"author":[{"embeddable":true,"href":"https:\/\/www.egemtv.com\/index.php?rest_route=\/wp\/v2\/users\/1"}],"replies":[{"embeddable":true,"href":"https:\/\/www.egemtv.com\/index.php?rest_route=%2Fwp%2Fv2%2Fcomments&post=76786"}],"version-history":[{"count":1,"href":"https:\/\/www.egemtv.com\/index.php?rest_route=\/wp\/v2\/posts\/76786\/revisions"}],"predecessor-version":[{"id":76788,"href":"https:\/\/www.egemtv.com\/index.php?rest_route=\/wp\/v2\/posts\/76786\/revisions\/76788"}],"wp:featuredmedia":[{"embeddable":true,"href":"https:\/\/www.egemtv.com\/index.php?rest_route=\/wp\/v2\/media\/76787"}],"wp:attachment":[{"href":"https:\/\/www.egemtv.com\/index.php?rest_route=%2Fwp%2Fv2%2Fmedia&parent=76786"}],"wp:term":[{"taxonomy":"category","embeddable":true,"href":"https:\/\/www.egemtv.com\/index.php?rest_route=%2Fwp%2Fv2%2Fcategories&post=76786"},{"taxonomy":"post_tag","embeddable":true,"href":"https:\/\/www.egemtv.com\/index.php?rest_route=%2Fwp%2Fv2%2Ftags&post=76786"}],"curies":[{"name":"wp","href":"https:\/\/api.w.org\/{rel}","templated":true}]}}