{"id":76783,"date":"2025-12-26T12:54:57","date_gmt":"2025-12-26T09:54:57","guid":{"rendered":"https:\/\/www.egemtv.com\/?p=76783"},"modified":"2025-12-26T12:54:57","modified_gmt":"2025-12-26T09:54:57","slug":"milasta-yagis-sonrasi-yollar-camura-dondu","status":"publish","type":"post","link":"https:\/\/www.egemtv.com\/?p=76783","title":{"rendered":"Milas\u2019ta ya\u011f\u0131\u015f sonras\u0131 yollar \u00e7amura d\u00f6nd\u00fc"},"content":{"rendered":"<p>Mu\u011fla\u2019n\u0131n Milas il\u00e7esinde, etkili olan ya\u011f\u0131\u015flar\u0131n ard\u0131ndan yollar \u00e7amur i\u00e7erisinde kal\u0131rken, ula\u015f\u0131mda aksamalar meydana geldi.<\/p>\n<p>Milas\u2019ta etkili olan sa\u011fanak ya\u011f\u0131\u015f hayat\u0131 olumsuz etkiledi. Sa\u011fanak ya\u011f\u0131\u015fla birlikte yollarda ula\u015f\u0131m zorlukla yap\u0131ld\u0131. \u0130l\u00e7e genelinde uzun s\u00fcredir bak\u0131m ve onar\u0131m ihtiyac\u0131 bulundu\u011fu belirtilen yollarda, ya\u011f\u0131\u015flarla birlikte \u00e7ukurlar\u0131n suyla doldu\u011fu ve zemin bozulmalar\u0131n\u0131n artt\u0131\u011f\u0131 g\u00f6zlemlendi. Ya\u011fmur sular\u0131n\u0131n birikmesiyle birlikte bir\u00e7ok noktada \u00e7amur olu\u015furken, bu durum ara\u00e7 ve yaya trafi\u011finde aksamalara neden oldu. \u00d6zellikle bozuk zemin nedeniyle s\u00fcr\u00fcc\u00fcler ilerlemekte zorlan\u0131rken, suyla dolan \u00e7ukurlar kazalara davetiye \u00e7\u0131kartt\u0131.<br \/><\/p>\n","protected":false},"excerpt":{"rendered":"<p>Mu\u011fla\u2019n\u0131n Milas il\u00e7esinde, etkili olan ya\u011f\u0131\u015flar\u0131n ard\u0131ndan yollar \u00e7amur i\u00e7erisinde kal\u0131rken, ula\u015f\u0131mda aksamalar meydana geldi. Milas\u2019ta etkili olan sa\u011fanak ya\u011f\u0131\u015f hayat\u0131 olumsuz etkiledi. Sa\u011fanak ya\u011f\u0131\u015fla birlikte yollarda ula\u015f\u0131m zorlukla yap\u0131ld\u0131. \u0130l\u00e7e genelinde uzun s\u00fcredir bak\u0131m ve onar\u0131m ihtiyac\u0131 bulundu\u011fu belirtilen yollarda, ya\u011f\u0131\u015flarla birlikte \u00e7ukurlar\u0131n suyla doldu\u011fu ve zemin bozulmalar\u0131n\u0131n artt\u0131\u011f\u0131 g\u00f6zlemlendi. Ya\u011fmur sular\u0131n\u0131n birikmesiyle birlikte&#8230;<\/p>\n","protected":false},"author":1,"featured_media":76784,"comment_status":"open","ping_status":"open","sticky":false,"template":"","format":"standard","meta":{"_crdt_document":"","footnotes":""},"categories":[1],"tags":[],"class_list":["post-76783","post","type-post","status-publish","format-standard","has-post-thumbnail","hentry","category-guncel"],"_links":{"self":[{"href":"https:\/\/www.egemtv.com\/index.php?rest_route=\/wp\/v2\/posts\/76783","targetHints":{"allow":["GET"]}}],"collection":[{"href":"https:\/\/www.egemtv.com\/index.php?rest_route=\/wp\/v2\/posts"}],"about":[{"href":"https:\/\/www.egemtv.com\/index.php?rest_route=\/wp\/v2\/types\/post"}],"author":[{"embeddable":true,"href":"https:\/\/www.egemtv.com\/index.php?rest_route=\/wp\/v2\/users\/1"}],"replies":[{"embeddable":true,"href":"https:\/\/www.egemtv.com\/index.php?rest_route=%2Fwp%2Fv2%2Fcomments&post=76783"}],"version-history":[{"count":1,"href":"https:\/\/www.egemtv.com\/index.php?rest_route=\/wp\/v2\/posts\/76783\/revisions"}],"predecessor-version":[{"id":76785,"href":"https:\/\/www.egemtv.com\/index.php?rest_route=\/wp\/v2\/posts\/76783\/revisions\/76785"}],"wp:featuredmedia":[{"embeddable":true,"href":"https:\/\/www.egemtv.com\/index.php?rest_route=\/wp\/v2\/media\/76784"}],"wp:attachment":[{"href":"https:\/\/www.egemtv.com\/index.php?rest_route=%2Fwp%2Fv2%2Fmedia&parent=76783"}],"wp:term":[{"taxonomy":"category","embeddable":true,"href":"https:\/\/www.egemtv.com\/index.php?rest_route=%2Fwp%2Fv2%2Fcategories&post=76783"},{"taxonomy":"post_tag","embeddable":true,"href":"https:\/\/www.egemtv.com\/index.php?rest_route=%2Fwp%2Fv2%2Ftags&post=76783"}],"curies":[{"name":"wp","href":"https:\/\/api.w.org\/{rel}","templated":true}]}}