{"id":76780,"date":"2025-12-26T12:54:55","date_gmt":"2025-12-26T09:54:55","guid":{"rendered":"https:\/\/www.egemtv.com\/?p=76780"},"modified":"2025-12-26T12:54:57","modified_gmt":"2025-12-26T09:54:57","slug":"aydinin-ulasim-altyapisi-gucleniyor","status":"publish","type":"post","link":"https:\/\/www.egemtv.com\/?p=76780","title":{"rendered":"Ayd\u0131n\u2019\u0131n ula\u015f\u0131m altyap\u0131s\u0131 g\u00fc\u00e7leniyor"},"content":{"rendered":"<p>Ayd\u0131n B\u00fcy\u00fck\u015fehir Belediye Ba\u015fkan\u0131 \u00d6zlem \u00c7er\u00e7io\u011flu\u2019nun talimatlar\u0131yla, Ayd\u0131n B\u00fcy\u00fck\u015fehir Belediyesi Fen \u0130\u015fleri Dairesi Ba\u015fkanl\u0131\u011f\u0131 taraf\u0131ndan kent genelinde s\u00fcrd\u00fcr\u00fclen \u00e7al\u0131\u015fmalar devam ediyor.<\/p>\n<p>B\u00fcy\u00fck\u015fehir Belediyesi ekipleri, il\u00e7e merkezleri ve mahallelerde ula\u015f\u0131m altyap\u0131s\u0131n\u0131 g\u00fc\u00e7lendirmek ve ya\u015fam konforunu art\u0131rmak amac\u0131yla sahada \u00e7al\u0131\u015fmalar\u0131n\u0131 s\u00fcrd\u00fcr\u00fcyor.<\/p>\n<p>Efeler il\u00e7esinde muhtelif noktalarda ve Baltak\u00f6y Mahallesi\u2019nde, Germencik il\u00e7esi Hilal Caddesi\u2019nde, Ku\u015fadas\u0131 il\u00e7esi Davutlar Mahallesi\u2019nde, K\u00f6\u015fk il\u00e7esinde muhtelif noktalarda, \u0130ncirliova il\u00e7esi C\u0131l\u0131mb\u0131z ve Arpadere Mahallelerinde, Kuyucak il\u00e7esi \u00c7obanisa Mahallesi\u2019nde, Yenipazar il\u00e7esi Alhan Mahallesi\u2019nde ve Ko\u00e7arl\u0131 il\u00e7esi Karaa\u011fa\u00e7 Mahallesi\u2019nde \u00e7al\u0131\u015fmalar e\u015f zamanl\u0131 olarak ba\u015flat\u0131ld\u0131.<\/p>\n<p>Ba\u015fkan \u00c7er\u00e7io\u011flu, Ayd\u0131n\u2019\u0131n 17 il\u00e7esinin tamam\u0131nda hizmetlerin aral\u0131ks\u0131z s\u00fcrd\u00fcr\u00fclece\u011fini belirterek, B\u00fcy\u00fck\u015fehir Belediyesi\u2019nin kent genelinde planl\u0131 ve kararl\u0131 bir \u015fekilde \u00e7al\u0131\u015fmalar\u0131na devam edece\u011fini ifade etti.<\/p>\n<p>Ba\u015fkan \u00c7er\u00e7io\u011flu, &#8220;T\u00fcm il\u00e7elerimizde e\u015f zamanl\u0131 ve koordineli bir \u015fekilde hayata ge\u00e7irdi\u011fimiz \u00e7al\u0131\u015fmalar\u0131m\u0131z\u0131 s\u00fcrd\u00fcr\u00fcyoruz. Vatanda\u015flar\u0131m\u0131z\u0131 hizmetlerimiz ile bulu\u015fturmaya, yat\u0131r\u0131m ve projeleri kentimize kazand\u0131rmaya devam edece\u011fiz&#8221; ifadelerini kulland\u0131.<br \/><\/p>\n","protected":false},"excerpt":{"rendered":"<p>Ayd\u0131n B\u00fcy\u00fck\u015fehir Belediye Ba\u015fkan\u0131 \u00d6zlem \u00c7er\u00e7io\u011flu\u2019nun talimatlar\u0131yla, Ayd\u0131n B\u00fcy\u00fck\u015fehir Belediyesi Fen \u0130\u015fleri Dairesi Ba\u015fkanl\u0131\u011f\u0131 taraf\u0131ndan kent genelinde s\u00fcrd\u00fcr\u00fclen \u00e7al\u0131\u015fmalar devam ediyor. B\u00fcy\u00fck\u015fehir Belediyesi ekipleri, il\u00e7e merkezleri ve mahallelerde ula\u015f\u0131m altyap\u0131s\u0131n\u0131 g\u00fc\u00e7lendirmek ve ya\u015fam konforunu art\u0131rmak amac\u0131yla sahada \u00e7al\u0131\u015fmalar\u0131n\u0131 s\u00fcrd\u00fcr\u00fcyor. Efeler il\u00e7esinde muhtelif noktalarda ve Baltak\u00f6y Mahallesi\u2019nde, Germencik il\u00e7esi Hilal Caddesi\u2019nde, Ku\u015fadas\u0131 il\u00e7esi Davutlar Mahallesi\u2019nde, K\u00f6\u015fk&#8230;<\/p>\n","protected":false},"author":1,"featured_media":76781,"comment_status":"open","ping_status":"open","sticky":false,"template":"","format":"standard","meta":{"_crdt_document":"","footnotes":""},"categories":[1],"tags":[],"class_list":["post-76780","post","type-post","status-publish","format-standard","has-post-thumbnail","hentry","category-guncel"],"_links":{"self":[{"href":"https:\/\/www.egemtv.com\/index.php?rest_route=\/wp\/v2\/posts\/76780","targetHints":{"allow":["GET"]}}],"collection":[{"href":"https:\/\/www.egemtv.com\/index.php?rest_route=\/wp\/v2\/posts"}],"about":[{"href":"https:\/\/www.egemtv.com\/index.php?rest_route=\/wp\/v2\/types\/post"}],"author":[{"embeddable":true,"href":"https:\/\/www.egemtv.com\/index.php?rest_route=\/wp\/v2\/users\/1"}],"replies":[{"embeddable":true,"href":"https:\/\/www.egemtv.com\/index.php?rest_route=%2Fwp%2Fv2%2Fcomments&post=76780"}],"version-history":[{"count":1,"href":"https:\/\/www.egemtv.com\/index.php?rest_route=\/wp\/v2\/posts\/76780\/revisions"}],"predecessor-version":[{"id":76782,"href":"https:\/\/www.egemtv.com\/index.php?rest_route=\/wp\/v2\/posts\/76780\/revisions\/76782"}],"wp:featuredmedia":[{"embeddable":true,"href":"https:\/\/www.egemtv.com\/index.php?rest_route=\/wp\/v2\/media\/76781"}],"wp:attachment":[{"href":"https:\/\/www.egemtv.com\/index.php?rest_route=%2Fwp%2Fv2%2Fmedia&parent=76780"}],"wp:term":[{"taxonomy":"category","embeddable":true,"href":"https:\/\/www.egemtv.com\/index.php?rest_route=%2Fwp%2Fv2%2Fcategories&post=76780"},{"taxonomy":"post_tag","embeddable":true,"href":"https:\/\/www.egemtv.com\/index.php?rest_route=%2Fwp%2Fv2%2Ftags&post=76780"}],"curies":[{"name":"wp","href":"https:\/\/api.w.org\/{rel}","templated":true}]}}