{"id":76777,"date":"2025-12-26T12:34:52","date_gmt":"2025-12-26T09:34:52","guid":{"rendered":"https:\/\/www.egemtv.com\/?p=76777"},"modified":"2025-12-26T12:34:53","modified_gmt":"2025-12-26T09:34:53","slug":"gedizde-tarhana-corbasi-uretim-isletmesi-sahibi-ogrencilerle-bulustu","status":"publish","type":"post","link":"https:\/\/www.egemtv.com\/?p=76777","title":{"rendered":"Gediz\u2019de tarhana \u00e7orbas\u0131 \u00fcretim i\u015fletmesi sahibi \u00f6\u011frencilerle bulu\u015ftu"},"content":{"rendered":"<p>K\u00fctahya\u2019n\u0131n Gediz il\u00e7esinde K\u0131z Mesleki ve Teknik Anadolu Lisesi\u2019nde d\u00fczenlenen Kariyer G\u00fcnleri kapsam\u0131nda, yerel lezzetlerin ba\u015far\u0131 hik\u00e2yesine d\u00f6n\u00fc\u015ft\u00fc\u011f\u00fc tarhana \u00e7orbas\u0131 \u00fcretim i\u015fletmesinin sahibi Demet Bak\u0131rdemir \u00f6\u011frencilerle bir araya geldi.<br \/>\n<br \/>Gediz \u0130l\u00e7e Milli E\u011fitim M\u00fcd\u00fcr\u00fc Recep Ayd\u0131n ve \u015eube M\u00fcd\u00fcr\u00fc Ya\u015far Kandemir\u2019in kat\u0131ld\u0131\u011f\u0131 etkinlikte, mesleki e\u011fitimin \u00f6nemi ve giri\u015fimcilik ruhu vurguland\u0131. S\u00f6yle\u015fiye, Demet Bak\u0131rdemir\u2019in e\u015fi Fatih Bak\u0131rdemir de kat\u0131l\u0131m sa\u011flad\u0131. Okulun konferans salonunda ger\u00e7ekle\u015ftirilen s\u00f6yle\u015fi \u00f6\u011frencilerden yo\u011fun ilgi g\u00f6rd\u00fc. Program\u0131n a\u00e7\u0131l\u0131\u015f konu\u015fmas\u0131n\u0131 yapan \u0130l\u00e7e Milli E\u011fitim M\u00fcd\u00fcr\u00fc Recep Ayd\u0131n, meslek liselerinin T\u00fcrkiye\u2019nin ekonomik gelece\u011findeki kritik rol\u00fcne dikkat \u00e7ekerek, &#8220;Sizler sadece \u00f6\u011frenci de\u011fil, gelece\u011fin ustalar\u0131 ve i\u015f insanlar\u0131s\u0131n\u0131z. Bug\u00fcn burada ba\u015far\u0131l\u0131 bir giri\u015fimciyi a\u011f\u0131rl\u0131yor olmam\u0131z, teorik e\u011fitimin sahada nas\u0131l b\u00fcy\u00fck bir ba\u015far\u0131ya d\u00f6n\u00fc\u015febilece\u011finin en somut \u00f6rne\u011fidir&#8221; dedi.<br \/>\n<br \/>S\u00f6yle\u015finin konu\u011fu olan tarhana \u00e7orbas\u0131 \u00fcretim i\u015fletmesi sahibi Demet Bak\u0131rdemir ise i\u015f hayat\u0131ndaki tecr\u00fcbelerini ve tarhana gibi geleneksel bir lezzeti modern bir i\u015fletme modeliyle nas\u0131l b\u00fcy\u00fctt\u00fcklerini \u00f6\u011frencilerle samimiyetle payla\u015ft\u0131.  Ba\u015far\u0131n\u0131n anahtar\u0131n\u0131n sab\u0131r ve yenilik\u00e7ilik oldu\u011funu vurgulayan Bak\u0131rdemir, \u00f6\u011frencilere \u015fu tavsiyelerde bulundu;<br \/>\n<br \/>&#8220;Mesle\u011finize d\u00f6rt elle sar\u0131l\u0131n. Biz bu yola \u00e7\u0131karken geleneksel tad\u0131m\u0131z\u0131 koruyarak g\u00fcn\u00fcm\u00fcz \u015fartlar\u0131na nas\u0131l uyum sa\u011flayabilece\u011fimizi d\u00fc\u015f\u00fcnd\u00fck. Sizler de okulda \u00f6\u011frendi\u011finiz teknik bilgileri zek\u00e2, d\u00fc\u015f\u00fcnce ve hayal g\u00fcc\u00fcn\u00fczle birle\u015ftirirseniz a\u015famayaca\u011f\u0131n\u0131z engel yoktur. Kendi i\u015finizin patronu olmak hayal de\u011fil, bir planlama meselesidir.&#8221;<br \/>\n<br \/>Soru-cevap b\u00f6l\u00fcm\u00fcnde \u00f6\u011frenciler, i\u015fletme kurma s\u00fcre\u00e7leri, staj imk\u00e2nlar\u0131 ve sekt\u00f6rde kar\u015f\u0131la\u015f\u0131lan zorluklar hakk\u0131nda merak ettiklerini sorma f\u0131rsat\u0131 buldu.<br \/>\n<br \/>Etkinlik sonunda \u0130l\u00e7e Milli E\u011fitim M\u00fcd\u00fcr\u00fc Recep Ayd\u0131n taraf\u0131ndan Demet Bak\u0131rdemir\u2019e g\u00fcn\u00fcn an\u0131s\u0131na plaket takdim edildi.<br \/><\/p>\n","protected":false},"excerpt":{"rendered":"<p>K\u00fctahya\u2019n\u0131n Gediz il\u00e7esinde K\u0131z Mesleki ve Teknik Anadolu Lisesi\u2019nde d\u00fczenlenen Kariyer G\u00fcnleri kapsam\u0131nda, yerel lezzetlerin ba\u015far\u0131 hik\u00e2yesine d\u00f6n\u00fc\u015ft\u00fc\u011f\u00fc tarhana \u00e7orbas\u0131 \u00fcretim i\u015fletmesinin sahibi Demet Bak\u0131rdemir \u00f6\u011frencilerle bir araya geldi. Gediz \u0130l\u00e7e Milli E\u011fitim M\u00fcd\u00fcr\u00fc Recep Ayd\u0131n ve \u015eube M\u00fcd\u00fcr\u00fc Ya\u015far Kandemir\u2019in kat\u0131ld\u0131\u011f\u0131 etkinlikte, mesleki e\u011fitimin \u00f6nemi ve giri\u015fimcilik ruhu vurguland\u0131. S\u00f6yle\u015fiye, Demet Bak\u0131rdemir\u2019in e\u015fi Fatih&#8230;<\/p>\n","protected":false},"author":1,"featured_media":76778,"comment_status":"open","ping_status":"open","sticky":false,"template":"","format":"standard","meta":{"_crdt_document":"","footnotes":""},"categories":[1],"tags":[],"class_list":["post-76777","post","type-post","status-publish","format-standard","has-post-thumbnail","hentry","category-guncel"],"_links":{"self":[{"href":"https:\/\/www.egemtv.com\/index.php?rest_route=\/wp\/v2\/posts\/76777","targetHints":{"allow":["GET"]}}],"collection":[{"href":"https:\/\/www.egemtv.com\/index.php?rest_route=\/wp\/v2\/posts"}],"about":[{"href":"https:\/\/www.egemtv.com\/index.php?rest_route=\/wp\/v2\/types\/post"}],"author":[{"embeddable":true,"href":"https:\/\/www.egemtv.com\/index.php?rest_route=\/wp\/v2\/users\/1"}],"replies":[{"embeddable":true,"href":"https:\/\/www.egemtv.com\/index.php?rest_route=%2Fwp%2Fv2%2Fcomments&post=76777"}],"version-history":[{"count":1,"href":"https:\/\/www.egemtv.com\/index.php?rest_route=\/wp\/v2\/posts\/76777\/revisions"}],"predecessor-version":[{"id":76779,"href":"https:\/\/www.egemtv.com\/index.php?rest_route=\/wp\/v2\/posts\/76777\/revisions\/76779"}],"wp:featuredmedia":[{"embeddable":true,"href":"https:\/\/www.egemtv.com\/index.php?rest_route=\/wp\/v2\/media\/76778"}],"wp:attachment":[{"href":"https:\/\/www.egemtv.com\/index.php?rest_route=%2Fwp%2Fv2%2Fmedia&parent=76777"}],"wp:term":[{"taxonomy":"category","embeddable":true,"href":"https:\/\/www.egemtv.com\/index.php?rest_route=%2Fwp%2Fv2%2Fcategories&post=76777"},{"taxonomy":"post_tag","embeddable":true,"href":"https:\/\/www.egemtv.com\/index.php?rest_route=%2Fwp%2Fv2%2Ftags&post=76777"}],"curies":[{"name":"wp","href":"https:\/\/api.w.org\/{rel}","templated":true}]}}