{"id":76774,"date":"2025-12-26T12:34:51","date_gmt":"2025-12-26T09:34:51","guid":{"rendered":"https:\/\/www.egemtv.com\/?p=76774"},"modified":"2025-12-26T12:34:52","modified_gmt":"2025-12-26T09:34:52","slug":"manisada-zeytin-5-0-projesiyle-cocuklar-hem-ogrendi-hem-uretti","status":"publish","type":"post","link":"https:\/\/www.egemtv.com\/?p=76774","title":{"rendered":"Manisa\u2019da &#8220;Zeytin 5.0 Projesiyle&#8221; \u00e7ocuklar hem \u00f6\u011frendi hem \u00fcretti"},"content":{"rendered":"<p>Manisa\u2019n\u0131n Salihli il\u00e7esinde Ticaret ve Sanayi Odas\u0131 \u0130lkokulu anas\u0131n\u0131f\u0131 \u00f6\u011frencileri &#8220;Zeytin 5.0 Projesi&#8221; ile zeytinin a\u011fa\u00e7tan sofraya uzanan yolculu\u011funu ya\u015fayarak \u00f6\u011frenme f\u0131rsat\u0131 buldu.<br \/>\n<br \/>Manisa\u2019n\u0131n Salihli il\u00e7esinde bulunan Ticaret ve Sanayi Odas\u0131 \u0130lkokulu, anas\u0131n\u0131f\u0131 \u00f6\u011frencileriyle y\u00fcr\u00fctt\u00fc\u011f\u00fc &#8220;Zeytin 5.0 Projesi&#8221; ile erken \u00e7ocukluk e\u011fitimine \u00f6rnek bir \u00e7al\u0131\u015fmaya imza att\u0131. Proje kapsam\u0131nda minik \u00f6\u011frenciler, zeytinin a\u011fa\u00e7tan sofraya uzanan yolculu\u011funu ya\u015fayarak \u00f6\u011frenme f\u0131rsat\u0131 buldu.<br \/>\n<br \/>Okul bah\u00e7esinde bulunan yakla\u015f\u0131k 35 zeytin a\u011fac\u0131ndan \u00f6\u011frencilerin kendi elleriyle toplad\u0131\u011f\u0131 zeytinler, zeytinya\u011f\u0131 fabrikas\u0131na g\u00f6t\u00fcr\u00fcld\u00fc. \u00c7ocuklar, toplad\u0131klar\u0131 zeytinlerin zeytinya\u011f\u0131na d\u00f6n\u00fc\u015fme s\u00fcrecini yerinde g\u00f6zlemleyerek deneyimledi. B\u00f6ylece zeytin, \u00f6\u011frencilerin haf\u0131zas\u0131nda yaln\u0131zca bir besin de\u011fil, ayn\u0131 zamanda k\u00fclt\u00fcrel bir miras olarak yer etti.<br \/>\n<br \/>Anas\u0131n\u0131f\u0131 \u00d6\u011fretmeni Sad\u0131k \u015eent\u00fcrk, projenin uzun soluklu oldu\u011funu belirterek, &#8220;Bu y\u0131l zeytin projesi yazd\u0131k. Bah\u00e7emizdeki zeytin a\u011fa\u00e7lar\u0131n\u0131n toplanmas\u0131, bak\u0131m\u0131, hasad\u0131 ve zeytinlerin zeytinya\u011f\u0131 fabrikas\u0131na g\u00f6t\u00fcr\u00fclmesi gibi t\u00fcm a\u015famalar\u0131 \u00e7ocuklar\u0131m\u0131zla birlikte yap\u0131yoruz. Bir y\u0131l boyunca zeytinle ilgili her \u015feyi yerinde g\u00f6recekler. Y\u0131l sonunda proje \u00e7\u0131kt\u0131lar\u0131m\u0131z\u0131 sergiyle payla\u015fmay\u0131 planl\u0131yoruz. Elde edilen zeytinya\u011flar\u0131n\u0131 satarak projeyi s\u00fcrd\u00fcr\u00fclebilir hale getirmek istiyoruz. Zeytin, \u00f6lmez bir a\u011fa\u00e7t\u0131r; \u00e7ocuklar\u0131m\u0131z\u0131n buna sahip \u00e7\u0131kmas\u0131n\u0131 istiyoruz&#8221; dedi.<br \/>\n<br \/>Projenin yaln\u0131zca e\u011fitimi de\u011fil, ayn\u0131 zamanda s\u00fcrd\u00fcr\u00fclebilirlik ve \u00fcretim bilincini de hedefledi\u011fini vurgulayan \u015eent\u00fcrk, \u00e7ocuklar\u0131n erken ya\u015fta do\u011faya ve eme\u011fe sayg\u0131 duymay\u0131 \u00f6\u011frendi\u011fini ifade etti.<br \/>\n<br \/>Okul M\u00fcd\u00fcr\u00fc S\u00fcleyman Sar\u0131 ise &#8220;Anas\u0131n\u0131f\u0131 \u00f6\u011fretmenlerimizin haz\u0131rlad\u0131\u011f\u0131 zeytin ve s\u0131k\u0131m projesi kapsam\u0131nda \u00f6\u011frencilerimizi zeytinya\u011f\u0131 fabrikas\u0131na g\u00f6t\u00fcrd\u00fck. \u00d6\u011frencilerimiz zeytinya\u011f\u0131n\u0131n nas\u0131l \u00fcretildi\u011fini g\u00f6rerek ve ya\u015fayarak \u00f6\u011frendi. B\u00f6ylece zeytinin de\u011ferini daha iyi kavrad\u0131lar. Projede eme\u011fi ge\u00e7en \u00f6\u011fretmenlerimiz Sad\u0131k \u015eent\u00fcrk ve Duygu Yelken\u2019e, velilerimize ve \u0130l\u00e7e Tar\u0131m ve Orman M\u00fcd\u00fcrl\u00fc\u011f\u00fcm\u00fcze te\u015fekk\u00fcr ediyorum&#8221; diye konu\u015ftu.<br \/>\n<br \/>Projenin payda\u015flar\u0131 aras\u0131nda yer alan Salihli \u0130l\u00e7e Tar\u0131m ve Orman M\u00fcd\u00fcrl\u00fc\u011f\u00fc, zeytin a\u011fa\u00e7lar\u0131n\u0131n yeti\u015ftirilmesi, budanmas\u0131, sulanmas\u0131 ve g\u00fcbrelenmesi konular\u0131nda teknik destek sa\u011flad\u0131.<br \/>\n<br \/>Y\u00fcr\u00fct\u00fclen \u00e7al\u0131\u015fmalar sonucunda toplanan zeytinlerden 65 litre zeytinya\u011f\u0131 elde edildi. Proje, \u00e7ocuklara \u00fcretim k\u00fclt\u00fcr\u00fcn\u00fc erken ya\u015fta kazand\u0131rmas\u0131 a\u00e7\u0131s\u0131ndan \u00f6rnek g\u00f6steriliyor.<br \/><\/p>\n","protected":false},"excerpt":{"rendered":"<p>Manisa\u2019n\u0131n Salihli il\u00e7esinde Ticaret ve Sanayi Odas\u0131 \u0130lkokulu anas\u0131n\u0131f\u0131 \u00f6\u011frencileri &#8220;Zeytin 5.0 Projesi&#8221; ile zeytinin a\u011fa\u00e7tan sofraya uzanan yolculu\u011funu ya\u015fayarak \u00f6\u011frenme f\u0131rsat\u0131 buldu. Manisa\u2019n\u0131n Salihli il\u00e7esinde bulunan Ticaret ve Sanayi Odas\u0131 \u0130lkokulu, anas\u0131n\u0131f\u0131 \u00f6\u011frencileriyle y\u00fcr\u00fctt\u00fc\u011f\u00fc &#8220;Zeytin 5.0 Projesi&#8221; ile erken \u00e7ocukluk e\u011fitimine \u00f6rnek bir \u00e7al\u0131\u015fmaya imza att\u0131. Proje kapsam\u0131nda minik \u00f6\u011frenciler, zeytinin a\u011fa\u00e7tan sofraya uzanan&#8230;<\/p>\n","protected":false},"author":1,"featured_media":76775,"comment_status":"open","ping_status":"open","sticky":false,"template":"","format":"standard","meta":{"_crdt_document":"","footnotes":""},"categories":[125],"tags":[],"class_list":["post-76774","post","type-post","status-publish","format-standard","has-post-thumbnail","hentry","category-ekonomi"],"_links":{"self":[{"href":"https:\/\/www.egemtv.com\/index.php?rest_route=\/wp\/v2\/posts\/76774","targetHints":{"allow":["GET"]}}],"collection":[{"href":"https:\/\/www.egemtv.com\/index.php?rest_route=\/wp\/v2\/posts"}],"about":[{"href":"https:\/\/www.egemtv.com\/index.php?rest_route=\/wp\/v2\/types\/post"}],"author":[{"embeddable":true,"href":"https:\/\/www.egemtv.com\/index.php?rest_route=\/wp\/v2\/users\/1"}],"replies":[{"embeddable":true,"href":"https:\/\/www.egemtv.com\/index.php?rest_route=%2Fwp%2Fv2%2Fcomments&post=76774"}],"version-history":[{"count":1,"href":"https:\/\/www.egemtv.com\/index.php?rest_route=\/wp\/v2\/posts\/76774\/revisions"}],"predecessor-version":[{"id":76776,"href":"https:\/\/www.egemtv.com\/index.php?rest_route=\/wp\/v2\/posts\/76774\/revisions\/76776"}],"wp:featuredmedia":[{"embeddable":true,"href":"https:\/\/www.egemtv.com\/index.php?rest_route=\/wp\/v2\/media\/76775"}],"wp:attachment":[{"href":"https:\/\/www.egemtv.com\/index.php?rest_route=%2Fwp%2Fv2%2Fmedia&parent=76774"}],"wp:term":[{"taxonomy":"category","embeddable":true,"href":"https:\/\/www.egemtv.com\/index.php?rest_route=%2Fwp%2Fv2%2Fcategories&post=76774"},{"taxonomy":"post_tag","embeddable":true,"href":"https:\/\/www.egemtv.com\/index.php?rest_route=%2Fwp%2Fv2%2Ftags&post=76774"}],"curies":[{"name":"wp","href":"https:\/\/api.w.org\/{rel}","templated":true}]}}