{"id":76771,"date":"2025-12-26T12:34:50","date_gmt":"2025-12-26T09:34:50","guid":{"rendered":"https:\/\/www.egemtv.com\/?p=76771"},"modified":"2025-12-26T12:34:51","modified_gmt":"2025-12-26T09:34:51","slug":"musluman-kimligi-insa-etme-uzerine-kitap-tahlili-gerceklestirildi-2","status":"publish","type":"post","link":"https:\/\/www.egemtv.com\/?p=76771","title":{"rendered":"M\u00fcsl\u00fcman Kimli\u011fi \u0130n\u015fa Etme \u00dczerine kitap tahlili ger\u00e7ekle\u015ftirildi"},"content":{"rendered":"<p>Afyonkarahisar Diyanet Gen\u00e7lik Merkezi\u2019nde M\u00fcsl\u00fcman Kimli\u011fi \u0130n\u015fa Etme \u00dczerine: Sezai Karako\u00e7 Okumalar\u0131-I \u00e7er\u00e7evesinde \u2018Yitik Cennet\u2019 adl\u0131 eserin tahlili ger\u00e7ekle\u015ftirildi.<br \/>\n<br \/>Tahlil program\u0131, Afyon Kocatepe \u00dcniversitesi \u0130slami \u0130limler Fak\u00fcltesi Dr. \u00d6\u011fr. \u00dcyesi Muhammed Emin G\u00f6rg\u00fcn e\u015fli\u011finde yap\u0131ld\u0131. Programda, Sezai Karako\u00e7\u2019un eserde i\u015fledi\u011fi konular \u00fczerine de\u011ferlendirmelerde bulunuldu. Gen\u00e7lerin aktif kat\u0131l\u0131m\u0131yla ger\u00e7ekle\u015fen tahlil, d\u00fc\u015f\u00fcnsel derinlik ve manevi fark\u0131ndal\u0131k a\u00e7\u0131s\u0131ndan zengin bir atmosfer olu\u015fturdu.<br \/>\n<br \/>Program sonunda kat\u0131l\u0131mc\u0131lara te\u015fekk\u00fcr edilerek, kitap tahlilinin farkl\u0131 eserlerle devam edece\u011fi belirtildi.<br \/><\/p>\n","protected":false},"excerpt":{"rendered":"<p>Afyonkarahisar Diyanet Gen\u00e7lik Merkezi\u2019nde M\u00fcsl\u00fcman Kimli\u011fi \u0130n\u015fa Etme \u00dczerine: Sezai Karako\u00e7 Okumalar\u0131-I \u00e7er\u00e7evesinde \u2018Yitik Cennet\u2019 adl\u0131 eserin tahlili ger\u00e7ekle\u015ftirildi. Tahlil program\u0131, Afyon Kocatepe \u00dcniversitesi \u0130slami \u0130limler Fak\u00fcltesi Dr. \u00d6\u011fr. \u00dcyesi Muhammed Emin G\u00f6rg\u00fcn e\u015fli\u011finde yap\u0131ld\u0131. Programda, Sezai Karako\u00e7\u2019un eserde i\u015fledi\u011fi konular \u00fczerine de\u011ferlendirmelerde bulunuldu. Gen\u00e7lerin aktif kat\u0131l\u0131m\u0131yla ger\u00e7ekle\u015fen tahlil, d\u00fc\u015f\u00fcnsel derinlik ve manevi fark\u0131ndal\u0131k a\u00e7\u0131s\u0131ndan&#8230;<\/p>\n","protected":false},"author":1,"featured_media":76772,"comment_status":"open","ping_status":"open","sticky":false,"template":"","format":"standard","meta":{"_crdt_document":"","footnotes":""},"categories":[1],"tags":[],"class_list":["post-76771","post","type-post","status-publish","format-standard","has-post-thumbnail","hentry","category-guncel"],"_links":{"self":[{"href":"https:\/\/www.egemtv.com\/index.php?rest_route=\/wp\/v2\/posts\/76771","targetHints":{"allow":["GET"]}}],"collection":[{"href":"https:\/\/www.egemtv.com\/index.php?rest_route=\/wp\/v2\/posts"}],"about":[{"href":"https:\/\/www.egemtv.com\/index.php?rest_route=\/wp\/v2\/types\/post"}],"author":[{"embeddable":true,"href":"https:\/\/www.egemtv.com\/index.php?rest_route=\/wp\/v2\/users\/1"}],"replies":[{"embeddable":true,"href":"https:\/\/www.egemtv.com\/index.php?rest_route=%2Fwp%2Fv2%2Fcomments&post=76771"}],"version-history":[{"count":1,"href":"https:\/\/www.egemtv.com\/index.php?rest_route=\/wp\/v2\/posts\/76771\/revisions"}],"predecessor-version":[{"id":76773,"href":"https:\/\/www.egemtv.com\/index.php?rest_route=\/wp\/v2\/posts\/76771\/revisions\/76773"}],"wp:featuredmedia":[{"embeddable":true,"href":"https:\/\/www.egemtv.com\/index.php?rest_route=\/wp\/v2\/media\/76772"}],"wp:attachment":[{"href":"https:\/\/www.egemtv.com\/index.php?rest_route=%2Fwp%2Fv2%2Fmedia&parent=76771"}],"wp:term":[{"taxonomy":"category","embeddable":true,"href":"https:\/\/www.egemtv.com\/index.php?rest_route=%2Fwp%2Fv2%2Fcategories&post=76771"},{"taxonomy":"post_tag","embeddable":true,"href":"https:\/\/www.egemtv.com\/index.php?rest_route=%2Fwp%2Fv2%2Ftags&post=76771"}],"curies":[{"name":"wp","href":"https:\/\/api.w.org\/{rel}","templated":true}]}}