{"id":76768,"date":"2025-12-26T12:15:17","date_gmt":"2025-12-26T09:15:17","guid":{"rendered":"https:\/\/www.egemtv.com\/?p=76768"},"modified":"2025-12-26T12:15:18","modified_gmt":"2025-12-26T09:15:18","slug":"emirdag-carsi-camiinde-regaip-kandili-ozel-programi-gerceklestirildi","status":"publish","type":"post","link":"https:\/\/www.egemtv.com\/?p=76768","title":{"rendered":"Emirda\u011f \u00c7ar\u015f\u0131 Camii\u2019nde \u2018Regaip Kandili\u2019 \u00f6zel program\u0131 ger\u00e7ekle\u015ftirildi"},"content":{"rendered":"<p>Emirda\u011f M\u00fcft\u00fcl\u00fc\u011f\u00fc taraf\u0131ndan Emirda\u011f \u00c7ar\u015f\u0131 Camii\u2019nde \u2018Regaip Kandili\u2019 sebebiyle \u00f6zel program d\u00fczenlendi.<br \/>\n<br \/>Cami hocalar\u0131n\u0131n Kur\u2019an-\u0131 Kerim tilavetiyle ba\u015flayan program, okunan ilahiler, Mevlid-i \u015eerif ile vaiz Faik K\u00f6k\u00e7ek hocan\u0131n yapt\u0131\u011f\u0131 Regaip Kandil g\u00fcn\u00fcne \u00f6zel vaaz\u0131 ile devam etti. Yats\u0131 namaz\u0131 \u00f6ncesi ger\u00e7ekle\u015ftirilen programa vatanda\u015flar yo\u011fun ilgi g\u00f6sterdi. Yap\u0131lan duan\u0131n ard\u0131ndan Yats\u0131 namaz\u0131 k\u0131l\u0131nd\u0131 ve cemaate kat\u0131lanlar birbirlerinin kandilini tebrik ederek ayr\u0131ld\u0131lar,<br \/><\/p>\n","protected":false},"excerpt":{"rendered":"<p>Emirda\u011f M\u00fcft\u00fcl\u00fc\u011f\u00fc taraf\u0131ndan Emirda\u011f \u00c7ar\u015f\u0131 Camii\u2019nde \u2018Regaip Kandili\u2019 sebebiyle \u00f6zel program d\u00fczenlendi. Cami hocalar\u0131n\u0131n Kur\u2019an-\u0131 Kerim tilavetiyle ba\u015flayan program, okunan ilahiler, Mevlid-i \u015eerif ile vaiz Faik K\u00f6k\u00e7ek hocan\u0131n yapt\u0131\u011f\u0131 Regaip Kandil g\u00fcn\u00fcne \u00f6zel vaaz\u0131 ile devam etti. Yats\u0131 namaz\u0131 \u00f6ncesi ger\u00e7ekle\u015ftirilen programa vatanda\u015flar yo\u011fun ilgi g\u00f6sterdi. Yap\u0131lan duan\u0131n ard\u0131ndan Yats\u0131 namaz\u0131 k\u0131l\u0131nd\u0131 ve cemaate kat\u0131lanlar&#8230;<\/p>\n","protected":false},"author":1,"featured_media":76769,"comment_status":"open","ping_status":"open","sticky":false,"template":"","format":"standard","meta":{"_crdt_document":"","footnotes":""},"categories":[1],"tags":[],"class_list":["post-76768","post","type-post","status-publish","format-standard","has-post-thumbnail","hentry","category-guncel"],"_links":{"self":[{"href":"https:\/\/www.egemtv.com\/index.php?rest_route=\/wp\/v2\/posts\/76768","targetHints":{"allow":["GET"]}}],"collection":[{"href":"https:\/\/www.egemtv.com\/index.php?rest_route=\/wp\/v2\/posts"}],"about":[{"href":"https:\/\/www.egemtv.com\/index.php?rest_route=\/wp\/v2\/types\/post"}],"author":[{"embeddable":true,"href":"https:\/\/www.egemtv.com\/index.php?rest_route=\/wp\/v2\/users\/1"}],"replies":[{"embeddable":true,"href":"https:\/\/www.egemtv.com\/index.php?rest_route=%2Fwp%2Fv2%2Fcomments&post=76768"}],"version-history":[{"count":1,"href":"https:\/\/www.egemtv.com\/index.php?rest_route=\/wp\/v2\/posts\/76768\/revisions"}],"predecessor-version":[{"id":76770,"href":"https:\/\/www.egemtv.com\/index.php?rest_route=\/wp\/v2\/posts\/76768\/revisions\/76770"}],"wp:featuredmedia":[{"embeddable":true,"href":"https:\/\/www.egemtv.com\/index.php?rest_route=\/wp\/v2\/media\/76769"}],"wp:attachment":[{"href":"https:\/\/www.egemtv.com\/index.php?rest_route=%2Fwp%2Fv2%2Fmedia&parent=76768"}],"wp:term":[{"taxonomy":"category","embeddable":true,"href":"https:\/\/www.egemtv.com\/index.php?rest_route=%2Fwp%2Fv2%2Fcategories&post=76768"},{"taxonomy":"post_tag","embeddable":true,"href":"https:\/\/www.egemtv.com\/index.php?rest_route=%2Fwp%2Fv2%2Ftags&post=76768"}],"curies":[{"name":"wp","href":"https:\/\/api.w.org\/{rel}","templated":true}]}}