{"id":76690,"date":"2025-12-26T09:34:40","date_gmt":"2025-12-26T06:34:40","guid":{"rendered":"https:\/\/www.egemtv.com\/?p=76690"},"modified":"2025-12-26T09:34:41","modified_gmt":"2025-12-26T06:34:41","slug":"tir-ile-carpisan-tofas-hurdaya-dondu","status":"publish","type":"post","link":"https:\/\/www.egemtv.com\/?p=76690","title":{"rendered":"T\u0131r ile \u00e7arp\u0131\u015fan TOFA\u015e hurdaya d\u00f6nd\u00fc"},"content":{"rendered":"<p>Burdur\u2019da TOFA\u015e marka otomobil ile t\u0131r\u0131n \u00e7arp\u0131\u015fmas\u0131 sonucu meydana gelen kazada hurdaya d\u00f6nen otomobilde s\u0131k\u0131\u015fan 2 ki\u015fi itfaiye ekipleri taraf\u0131ndan kurtar\u0131ld\u0131.<br \/>\n<br \/>Kaza, gece saatlerinde Burdur &#8211; Fethiye Kara yolu \u00fczerinde meydana geldi. Edinilen bilgiye g\u00f6re, Z.D.\u015e. idaresindeki 07 ATF 967 plakal\u0131 TOFA\u015e marka otomobil ile E.E.\u2019nin kulland\u0131\u011f\u0131 06 DGC 221 plakal\u0131 t\u0131r \u00e7arp\u0131\u015ft\u0131. \u00c7arp\u0131\u015fman\u0131n sonucunda hurdaya d\u00f6nen otomobilde bulunan s\u00fcr\u00fcc\u00fc Z.D.\u015e. ve yolcu konumunda bulunan A.\u015e. ara\u00e7 i\u00e7erisinde s\u0131k\u0131\u015f\u0131rken t\u0131r s\u00fcr\u00fcc\u00fcs\u00fc E.E. yaraland\u0131. \u0130hbar \u00fczerine adrese itfaiye, sa\u011fl\u0131k ve polis ekipleri sevk edildi. \u0130tfaiye ekipleri taraf\u0131ndan otomobil i\u00e7erisine s\u0131k\u0131\u015fan Z.D.\u015e. ve A.\u015e. \u00e7\u0131kar\u0131larak sa\u011fl\u0131k ekiplerine teslim edildi. Yaral\u0131lar, sa\u011fl\u0131k ekipleri taraf\u0131ndan yap\u0131lan ilk m\u00fcdahalenin ard\u0131ndan ambulanslarla Burdur Devlet Hastanesine kald\u0131r\u0131larak tedavi alt\u0131na al\u0131nd\u0131.<br \/>\n<br \/>Kazayla ilgili tahkikat s\u00fcr\u00fcyor.<br \/><\/p>\n","protected":false},"excerpt":{"rendered":"<p>Burdur\u2019da TOFA\u015e marka otomobil ile t\u0131r\u0131n \u00e7arp\u0131\u015fmas\u0131 sonucu meydana gelen kazada hurdaya d\u00f6nen otomobilde s\u0131k\u0131\u015fan 2 ki\u015fi itfaiye ekipleri taraf\u0131ndan kurtar\u0131ld\u0131. Kaza, gece saatlerinde Burdur &#8211; Fethiye Kara yolu \u00fczerinde meydana geldi. Edinilen bilgiye g\u00f6re, Z.D.\u015e. idaresindeki 07 ATF 967 plakal\u0131 TOFA\u015e marka otomobil ile E.E.\u2019nin kulland\u0131\u011f\u0131 06 DGC 221 plakal\u0131 t\u0131r \u00e7arp\u0131\u015ft\u0131. \u00c7arp\u0131\u015fman\u0131n sonucunda&#8230;<\/p>\n","protected":false},"author":1,"featured_media":76691,"comment_status":"open","ping_status":"open","sticky":false,"template":"","format":"standard","meta":{"_crdt_document":"","footnotes":""},"categories":[5],"tags":[],"class_list":["post-76690","post","type-post","status-publish","format-standard","has-post-thumbnail","hentry","category-asayis"],"_links":{"self":[{"href":"https:\/\/www.egemtv.com\/index.php?rest_route=\/wp\/v2\/posts\/76690","targetHints":{"allow":["GET"]}}],"collection":[{"href":"https:\/\/www.egemtv.com\/index.php?rest_route=\/wp\/v2\/posts"}],"about":[{"href":"https:\/\/www.egemtv.com\/index.php?rest_route=\/wp\/v2\/types\/post"}],"author":[{"embeddable":true,"href":"https:\/\/www.egemtv.com\/index.php?rest_route=\/wp\/v2\/users\/1"}],"replies":[{"embeddable":true,"href":"https:\/\/www.egemtv.com\/index.php?rest_route=%2Fwp%2Fv2%2Fcomments&post=76690"}],"version-history":[{"count":1,"href":"https:\/\/www.egemtv.com\/index.php?rest_route=\/wp\/v2\/posts\/76690\/revisions"}],"predecessor-version":[{"id":76692,"href":"https:\/\/www.egemtv.com\/index.php?rest_route=\/wp\/v2\/posts\/76690\/revisions\/76692"}],"wp:featuredmedia":[{"embeddable":true,"href":"https:\/\/www.egemtv.com\/index.php?rest_route=\/wp\/v2\/media\/76691"}],"wp:attachment":[{"href":"https:\/\/www.egemtv.com\/index.php?rest_route=%2Fwp%2Fv2%2Fmedia&parent=76690"}],"wp:term":[{"taxonomy":"category","embeddable":true,"href":"https:\/\/www.egemtv.com\/index.php?rest_route=%2Fwp%2Fv2%2Fcategories&post=76690"},{"taxonomy":"post_tag","embeddable":true,"href":"https:\/\/www.egemtv.com\/index.php?rest_route=%2Fwp%2Fv2%2Ftags&post=76690"}],"curies":[{"name":"wp","href":"https:\/\/api.w.org\/{rel}","templated":true}]}}