{"id":76687,"date":"2025-12-26T09:14:51","date_gmt":"2025-12-26T06:14:51","guid":{"rendered":"https:\/\/www.egemtv.com\/?p=76687"},"modified":"2025-12-26T09:14:52","modified_gmt":"2025-12-26T06:14:52","slug":"pdr-akademi-uzman-bulusmalari-seminerinin-5incisi-alasehirde-yapildi","status":"publish","type":"post","link":"https:\/\/www.egemtv.com\/?p=76687","title":{"rendered":"PDR Akademi &#8220;Uzman Bulu\u015fmalar\u0131&#8221; seminerinin 5\u2019incisi Ala\u015fehir\u2019de yap\u0131ld\u0131"},"content":{"rendered":"<p>Manisa\u2019n\u0131n Ala\u015fehir il\u00e7esinde d\u00fczenlenen PDR Akademi &#8220;Uzman Bulu\u015fmalar\u0131&#8221; seminer serisinin 5\u2019incisinde, aile i\u00e7i ili\u015fkisel ihtiya\u00e7lar\u0131n bireyin psikolojik geli\u015fimine etkileri ele al\u0131nd\u0131.<br \/>\n<br \/>Manisa\u2019n\u0131n Ala\u015fehir il\u00e7esinde, Ala\u015fehir Rehberlik ve Ara\u015ft\u0131rma Merkezi (RAM) Psikolojik Dan\u0131\u015fmanl\u0131k ve Rehberlik B\u00f6l\u00fcm\u00fc taraf\u0131ndan d\u00fczenlenen PDR Akademi \u2013 &#8220;Uzman Bulu\u015fmalar\u0131&#8221; Seminer Serisinin 5\u2019incisi ger\u00e7ekle\u015ftirildi.<br \/>\n<br \/>Seminer kapsam\u0131nda Uzman Psikolojik Dan\u0131\u015fman Ay\u015fe Bat\u0131k Y\u0131lmaz, &#8220;\u0130li\u015fkisel \u0130htiya\u00e7lar\u0131n Ailedeki \u0130\u015flevi&#8221; ba\u015fl\u0131kl\u0131 sunumuyla Ala\u015fehir ve Sar\u0131g\u00f6l il\u00e7elerinde g\u00f6rev yapan psikolojik dan\u0131\u015fman ve rehber \u00f6\u011fretmenlerle bir araya geldi. Sunumda; bireyin sa\u011fl\u0131kl\u0131 geli\u015fiminde aile i\u00e7i ili\u015fkisel ihtiya\u00e7lar\u0131n rol\u00fc, temas kurman\u0131n duygusal ya\u015fam \u00fczerindeki etkileri ve aile i\u00e7i ileti\u015fim s\u00fcre\u00e7lerinin psikolojik iyilik haliyle ili\u015fkisi ele al\u0131nd\u0131.<br \/>\n<br \/>Programa kat\u0131larak destek veren Ala\u015fehir \u0130l\u00e7e Mill\u00ee E\u011fitim M\u00fcd\u00fcr\u00fc Fikri \u00c7etinkaya, d\u00fczenlenen uzman bulu\u015fmalar\u0131 seminerlerinin Ala\u015fehir ve Sar\u0131g\u00f6l il\u00e7elerinde g\u00f6rev yapan psikolojik dan\u0131\u015fmanlar\u0131n hem mesleki hem de ki\u015fisel geli\u015fimlerine \u00f6nemli katk\u0131 sa\u011flad\u0131\u011f\u0131n\u0131 belirtti. \u00c7etinkaya, semineri organize eden Ala\u015fehir Rehberlik ve Ara\u015ft\u0131rma Merkezi M\u00fcd\u00fcr\u00fc Ali R\u0131za T\u00fcrkol\u2019a, seminer s\u00fcrecinde ev sahipli\u011fi yapan Ala\u015fehir Fen Lisesi y\u00f6netimi ve \u00e7al\u0131\u015fanlar\u0131na ilgi ve desteklerinden dolay\u0131 te\u015fekk\u00fcr etti.<br \/>\n<br \/>Seminer, kat\u0131l\u0131mc\u0131lar\u0131n soru ve de\u011ferlendirmelerinin ard\u0131ndan sona erdi.<br \/><\/p>\n","protected":false},"excerpt":{"rendered":"<p>Manisa\u2019n\u0131n Ala\u015fehir il\u00e7esinde d\u00fczenlenen PDR Akademi &#8220;Uzman Bulu\u015fmalar\u0131&#8221; seminer serisinin 5\u2019incisinde, aile i\u00e7i ili\u015fkisel ihtiya\u00e7lar\u0131n bireyin psikolojik geli\u015fimine etkileri ele al\u0131nd\u0131. Manisa\u2019n\u0131n Ala\u015fehir il\u00e7esinde, Ala\u015fehir Rehberlik ve Ara\u015ft\u0131rma Merkezi (RAM) Psikolojik Dan\u0131\u015fmanl\u0131k ve Rehberlik B\u00f6l\u00fcm\u00fc taraf\u0131ndan d\u00fczenlenen PDR Akademi \u2013 &#8220;Uzman Bulu\u015fmalar\u0131&#8221; Seminer Serisinin 5\u2019incisi ger\u00e7ekle\u015ftirildi. Seminer kapsam\u0131nda Uzman Psikolojik Dan\u0131\u015fman Ay\u015fe Bat\u0131k Y\u0131lmaz, &#8220;\u0130li\u015fkisel&#8230;<\/p>\n","protected":false},"author":1,"featured_media":76688,"comment_status":"open","ping_status":"open","sticky":false,"template":"","format":"standard","meta":{"_crdt_document":"","footnotes":""},"categories":[1],"tags":[],"class_list":["post-76687","post","type-post","status-publish","format-standard","has-post-thumbnail","hentry","category-guncel"],"_links":{"self":[{"href":"https:\/\/www.egemtv.com\/index.php?rest_route=\/wp\/v2\/posts\/76687","targetHints":{"allow":["GET"]}}],"collection":[{"href":"https:\/\/www.egemtv.com\/index.php?rest_route=\/wp\/v2\/posts"}],"about":[{"href":"https:\/\/www.egemtv.com\/index.php?rest_route=\/wp\/v2\/types\/post"}],"author":[{"embeddable":true,"href":"https:\/\/www.egemtv.com\/index.php?rest_route=\/wp\/v2\/users\/1"}],"replies":[{"embeddable":true,"href":"https:\/\/www.egemtv.com\/index.php?rest_route=%2Fwp%2Fv2%2Fcomments&post=76687"}],"version-history":[{"count":1,"href":"https:\/\/www.egemtv.com\/index.php?rest_route=\/wp\/v2\/posts\/76687\/revisions"}],"predecessor-version":[{"id":76689,"href":"https:\/\/www.egemtv.com\/index.php?rest_route=\/wp\/v2\/posts\/76687\/revisions\/76689"}],"wp:featuredmedia":[{"embeddable":true,"href":"https:\/\/www.egemtv.com\/index.php?rest_route=\/wp\/v2\/media\/76688"}],"wp:attachment":[{"href":"https:\/\/www.egemtv.com\/index.php?rest_route=%2Fwp%2Fv2%2Fmedia&parent=76687"}],"wp:term":[{"taxonomy":"category","embeddable":true,"href":"https:\/\/www.egemtv.com\/index.php?rest_route=%2Fwp%2Fv2%2Fcategories&post=76687"},{"taxonomy":"post_tag","embeddable":true,"href":"https:\/\/www.egemtv.com\/index.php?rest_route=%2Fwp%2Fv2%2Ftags&post=76687"}],"curies":[{"name":"wp","href":"https:\/\/api.w.org\/{rel}","templated":true}]}}