{"id":76684,"date":"2025-12-26T09:14:51","date_gmt":"2025-12-26T06:14:51","guid":{"rendered":"https:\/\/www.egemtv.com\/?p=76684"},"modified":"2025-12-26T09:14:51","modified_gmt":"2025-12-26T06:14:51","slug":"sarigolde-egitimin-nabzi-siniflarda-atiyor","status":"publish","type":"post","link":"https:\/\/www.egemtv.com\/?p=76684","title":{"rendered":"Sar\u0131g\u00f6l\u2019de e\u011fitimin nabz\u0131 s\u0131n\u0131flarda at\u0131yor"},"content":{"rendered":"<p>Sar\u0131g\u00f6l \u0130l\u00e7e Milli E\u011fitim M\u00fcd\u00fcr\u00fc Cezmi Y\u0131ld\u0131rak, dairedeki g\u00fcnl\u00fck \u00e7al\u0131\u015fmalar\u0131n\u0131 tamamlad\u0131ktan sonra her g\u00fcn bir okulu ziyaret ederek \u00f6\u011fretmen ve \u00f6\u011frencilerle bir araya geliyor, sorunlar\u0131 yerinde dinleyerek \u00e7\u00f6z\u00fcm \u00fcretmeye \u00e7al\u0131\u015f\u0131yor.<br \/>\n<br \/>Bu kapsamda Sar\u0131g\u00f6l il\u00e7esine ba\u011fl\u0131 Alem\u015fahl\u0131 Mahallesi\u2019nde bulunan okulu ziyaret eden \u0130l\u00e7e Milli E\u011fitim M\u00fcd\u00fcr\u00fc Cezmi Y\u0131ld\u0131rak, ilkokul birinci s\u0131n\u0131f \u00f6\u011frencileriyle birlikte ak\u0131ll\u0131 tahtada \u00e7izgi film izledi. Film sonras\u0131 \u00f6\u011frencilerle sohbet eden Y\u0131ld\u0131rak, \u00e7ocuklar\u0131n izledikleri \u00e7izgi film hakk\u0131ndaki d\u00fc\u015f\u00fcncelerini alarak de\u011ferlendirmelerde bulundu.<br \/>\n<br \/>S\u0131n\u0131flar\u0131 tek tek gezerek dersleri yerinde takip eden Y\u0131ld\u0131rak, \u00f6\u011frencilerin e\u011fitim durumu ve ihtiya\u00e7lar\u0131 hakk\u0131nda \u00f6\u011fretmenlerden bilgi ald\u0131. Okulun genel durumu hakk\u0131nda da incelemelerde bulunan Y\u0131ld\u0131rak, kar\u015f\u0131la\u015f\u0131lan eksiklikleri not etti.<br \/>\n<br \/>Okul ziyaretlerinin olduk\u00e7a faydal\u0131 oldu\u011funu belirten \u0130l\u00e7e Milli E\u011fitim M\u00fcd\u00fcr\u00fc Cezmi Y\u0131ld\u0131rak, &#8220;M\u00fcd\u00fcrl\u00fckteki i\u015flerimi tamamlad\u0131ktan sonra mutlaka bir okulumuzu ziyaret ediyorum. \u00d6\u011fretmenlerimizi ve \u00f6\u011frencilerimizi dinleyerek okulun ihtiya\u00e7lar\u0131n\u0131 yerinde tespit ediyorum. Bu ziyaretler \u00e7ok yararl\u0131 oluyor. \u0130mkanlar do\u011frultusunda eksikleri gidermeye \u00e7al\u0131\u015f\u0131yoruz&#8221; dedi.<br \/><\/p>\n","protected":false},"excerpt":{"rendered":"<p>Sar\u0131g\u00f6l \u0130l\u00e7e Milli E\u011fitim M\u00fcd\u00fcr\u00fc Cezmi Y\u0131ld\u0131rak, dairedeki g\u00fcnl\u00fck \u00e7al\u0131\u015fmalar\u0131n\u0131 tamamlad\u0131ktan sonra her g\u00fcn bir okulu ziyaret ederek \u00f6\u011fretmen ve \u00f6\u011frencilerle bir araya geliyor, sorunlar\u0131 yerinde dinleyerek \u00e7\u00f6z\u00fcm \u00fcretmeye \u00e7al\u0131\u015f\u0131yor. Bu kapsamda Sar\u0131g\u00f6l il\u00e7esine ba\u011fl\u0131 Alem\u015fahl\u0131 Mahallesi\u2019nde bulunan okulu ziyaret eden \u0130l\u00e7e Milli E\u011fitim M\u00fcd\u00fcr\u00fc Cezmi Y\u0131ld\u0131rak, ilkokul birinci s\u0131n\u0131f \u00f6\u011frencileriyle birlikte ak\u0131ll\u0131 tahtada \u00e7izgi&#8230;<\/p>\n","protected":false},"author":1,"featured_media":76685,"comment_status":"open","ping_status":"open","sticky":false,"template":"","format":"standard","meta":{"_crdt_document":"","footnotes":""},"categories":[1],"tags":[],"class_list":["post-76684","post","type-post","status-publish","format-standard","has-post-thumbnail","hentry","category-guncel"],"_links":{"self":[{"href":"https:\/\/www.egemtv.com\/index.php?rest_route=\/wp\/v2\/posts\/76684","targetHints":{"allow":["GET"]}}],"collection":[{"href":"https:\/\/www.egemtv.com\/index.php?rest_route=\/wp\/v2\/posts"}],"about":[{"href":"https:\/\/www.egemtv.com\/index.php?rest_route=\/wp\/v2\/types\/post"}],"author":[{"embeddable":true,"href":"https:\/\/www.egemtv.com\/index.php?rest_route=\/wp\/v2\/users\/1"}],"replies":[{"embeddable":true,"href":"https:\/\/www.egemtv.com\/index.php?rest_route=%2Fwp%2Fv2%2Fcomments&post=76684"}],"version-history":[{"count":1,"href":"https:\/\/www.egemtv.com\/index.php?rest_route=\/wp\/v2\/posts\/76684\/revisions"}],"predecessor-version":[{"id":76686,"href":"https:\/\/www.egemtv.com\/index.php?rest_route=\/wp\/v2\/posts\/76684\/revisions\/76686"}],"wp:featuredmedia":[{"embeddable":true,"href":"https:\/\/www.egemtv.com\/index.php?rest_route=\/wp\/v2\/media\/76685"}],"wp:attachment":[{"href":"https:\/\/www.egemtv.com\/index.php?rest_route=%2Fwp%2Fv2%2Fmedia&parent=76684"}],"wp:term":[{"taxonomy":"category","embeddable":true,"href":"https:\/\/www.egemtv.com\/index.php?rest_route=%2Fwp%2Fv2%2Fcategories&post=76684"},{"taxonomy":"post_tag","embeddable":true,"href":"https:\/\/www.egemtv.com\/index.php?rest_route=%2Fwp%2Fv2%2Ftags&post=76684"}],"curies":[{"name":"wp","href":"https:\/\/api.w.org\/{rel}","templated":true}]}}