{"id":76681,"date":"2025-12-26T09:14:50","date_gmt":"2025-12-26T06:14:50","guid":{"rendered":"https:\/\/www.egemtv.com\/?p=76681"},"modified":"2025-12-26T09:14:50","modified_gmt":"2025-12-26T06:14:50","slug":"alasehirli-ogrencilerden-filistine-duygu-dolu-siirlerle-destek","status":"publish","type":"post","link":"https:\/\/www.egemtv.com\/?p=76681","title":{"rendered":"Ala\u015fehirli \u00f6\u011frencilerden Filistin\u2019e duygu dolu \u015fiirlerle destek"},"content":{"rendered":"<p>Manisa\u2019n\u0131n Ala\u015fehir il\u00e7esinde Bilim ve Sanat Merkezi \u00f6\u011frencileri taraf\u0131ndan haz\u0131rlanan Filistin temal\u0131 &#8220;D\u00fc\u015ften Beri&#8221; dergisinin tan\u0131t\u0131m program\u0131nda, \u00f6\u011frencilerin kaleme ald\u0131\u011f\u0131 \u015fiirler okunarak Filistinli \u00e7ocuklar i\u00e7in g\u00fc\u00e7l\u00fc vicdan mesajlar\u0131 verildi.<br \/>\n<br \/>Manisa\u2019n\u0131n Ala\u015fehir il\u00e7esinde, Ala\u015fehir Bilim ve Sanat Merkezi \u00f6\u011frencileri taraf\u0131ndan Filistin temal\u0131 \u015fiirlerden olu\u015fan &#8220;D\u00fc\u015ften Beri&#8221; adl\u0131 derginin tan\u0131t\u0131m\u0131 yap\u0131ld\u0131. D\u00fczenlenen programda \u00f6\u011frencilerin Filistin i\u00e7in kaleme ald\u0131\u011f\u0131 \u015fiirler okunurken, Filistin\u2019e destek mesajlar\u0131 verildi.<br \/>\n<br \/>Ala\u015fehir Bilim ve Sanat Merkezi\u2019nde ger\u00e7ekle\u015ftirilen etkinli\u011fe Ala\u015fehir Belediye Ba\u015fkan Yard\u0131mc\u0131s\u0131 Erol Kacar, \u0130l\u00e7e Milli E\u011fitim M\u00fcd\u00fcr\u00fc Fikri \u00c7etinkaya, \u0130l\u00e7e Mill\u00ee E\u011fitim \u015eube M\u00fcd\u00fcr\u00fc Yasemin Oral, okul y\u00f6neticileri, \u00f6\u011fretmenler, \u00f6\u011frenciler ve veliler kat\u0131ld\u0131.<br \/>\n<br \/>&#8220;D\u00fc\u015ften Beri&#8221; adl\u0131 derginin yay\u0131n y\u00f6netmeni H\u00fcseyin \u00c7oban, dergi hakk\u0131nda bilgi vererek dergicili\u011fin edebiyat d\u00fcnyas\u0131ndaki \u00f6nemine dikkat \u00e7ekti. \u00c7oban, &#8220;Bir dergiyi \u00e7\u0131karmak ve s\u00fcrd\u00fcrebilmek maddi ve manevi fedak\u00e2rl\u0131k gerektirir. Ancak dergilerin edebiyat d\u00fcnyas\u0131na katt\u0131\u011f\u0131 zenginlik, katlan\u0131lan zahmetlerle \u00f6l\u00e7\u00fclemez. Biz de bu dergiyi amat\u00f6r bir ruhla ama profesyonel bir \u015fuurla haz\u0131rlad\u0131k. Eksiklikleri kusur olarak de\u011fil, ilk ad\u0131mlar\u0131n\u0131 atan bir \u00e7ocu\u011fun heyecan\u0131 olarak g\u00f6rmenizi istiyoruz&#8221; dedi.<br \/>\n<br \/>Program\u0131n a\u00e7\u0131l\u0131\u015f konu\u015fmas\u0131n\u0131 yapan Okul M\u00fcd\u00fcr\u00fc C\u00fcneyt Akku\u015f, \u00e7al\u0131\u015fman\u0131n yaln\u0131zca bir dergi tan\u0131t\u0131m\u0131 olmad\u0131\u011f\u0131n\u0131 vurgulayarak, &#8220;Bug\u00fcn burada vicdan\u0131m\u0131z\u0131n sesi olan Filistinli \u00e7ocuklar ad\u0131na bir araday\u0131z. \u00d6\u011frencilerimizin kaleminden d\u00f6k\u00fclen \u015fiirler, ya\u015fanan zulme kar\u015f\u0131 en samimi duru\u015fun ifadesidir&#8221; ifadelerini kulland\u0131.<br \/>\n<br \/>\u0130l\u00e7e Milli E\u011fitim M\u00fcd\u00fcr\u00fc Fikri \u00c7etinkaya da Filistin konusunun son derece hassas bir mesele oldu\u011funa dikkat \u00e7ekerek, bu t\u00fcr \u00e7al\u0131\u015fmalar\u0131n \u00f6\u011frencilerin insani ve evrensel de\u011ferlere olan duyarl\u0131l\u0131klar\u0131n\u0131 art\u0131rd\u0131\u011f\u0131n\u0131 s\u00f6yledi. \u00c7etinkaya, eme\u011fi ge\u00e7en \u00f6\u011fretmen ve \u00f6\u011frencileri tebrik etti.<br \/>\n<br \/>Ala\u015fehir Belediye Ba\u015fkan Yard\u0131mc\u0131s\u0131 Erol Kacar ise bu t\u00fcr etkinliklerin gelece\u011fin vicdan sahibi bireylerinin yeti\u015fmesine \u00f6nemli katk\u0131 sa\u011flad\u0131\u011f\u0131n\u0131 belirterek \u00f6\u011fretmen ve \u00f6\u011frencilere te\u015fekk\u00fcr etti.<br \/>\n<br \/>Etkinlik kapsam\u0131nda ayr\u0131ca \u00f6\u011frencilerin haz\u0131rlad\u0131\u011f\u0131 Filistin konulu resim sergisi de gezildi.<br \/><\/p>\n","protected":false},"excerpt":{"rendered":"<p>Manisa\u2019n\u0131n Ala\u015fehir il\u00e7esinde Bilim ve Sanat Merkezi \u00f6\u011frencileri taraf\u0131ndan haz\u0131rlanan Filistin temal\u0131 &#8220;D\u00fc\u015ften Beri&#8221; dergisinin tan\u0131t\u0131m program\u0131nda, \u00f6\u011frencilerin kaleme ald\u0131\u011f\u0131 \u015fiirler okunarak Filistinli \u00e7ocuklar i\u00e7in g\u00fc\u00e7l\u00fc vicdan mesajlar\u0131 verildi. Manisa\u2019n\u0131n Ala\u015fehir il\u00e7esinde, Ala\u015fehir Bilim ve Sanat Merkezi \u00f6\u011frencileri taraf\u0131ndan Filistin temal\u0131 \u015fiirlerden olu\u015fan &#8220;D\u00fc\u015ften Beri&#8221; adl\u0131 derginin tan\u0131t\u0131m\u0131 yap\u0131ld\u0131. D\u00fczenlenen programda \u00f6\u011frencilerin Filistin i\u00e7in kaleme&#8230;<\/p>\n","protected":false},"author":1,"featured_media":76682,"comment_status":"open","ping_status":"open","sticky":false,"template":"","format":"standard","meta":{"_crdt_document":"","footnotes":""},"categories":[1],"tags":[],"class_list":["post-76681","post","type-post","status-publish","format-standard","has-post-thumbnail","hentry","category-guncel"],"_links":{"self":[{"href":"https:\/\/www.egemtv.com\/index.php?rest_route=\/wp\/v2\/posts\/76681","targetHints":{"allow":["GET"]}}],"collection":[{"href":"https:\/\/www.egemtv.com\/index.php?rest_route=\/wp\/v2\/posts"}],"about":[{"href":"https:\/\/www.egemtv.com\/index.php?rest_route=\/wp\/v2\/types\/post"}],"author":[{"embeddable":true,"href":"https:\/\/www.egemtv.com\/index.php?rest_route=\/wp\/v2\/users\/1"}],"replies":[{"embeddable":true,"href":"https:\/\/www.egemtv.com\/index.php?rest_route=%2Fwp%2Fv2%2Fcomments&post=76681"}],"version-history":[{"count":1,"href":"https:\/\/www.egemtv.com\/index.php?rest_route=\/wp\/v2\/posts\/76681\/revisions"}],"predecessor-version":[{"id":76683,"href":"https:\/\/www.egemtv.com\/index.php?rest_route=\/wp\/v2\/posts\/76681\/revisions\/76683"}],"wp:featuredmedia":[{"embeddable":true,"href":"https:\/\/www.egemtv.com\/index.php?rest_route=\/wp\/v2\/media\/76682"}],"wp:attachment":[{"href":"https:\/\/www.egemtv.com\/index.php?rest_route=%2Fwp%2Fv2%2Fmedia&parent=76681"}],"wp:term":[{"taxonomy":"category","embeddable":true,"href":"https:\/\/www.egemtv.com\/index.php?rest_route=%2Fwp%2Fv2%2Fcategories&post=76681"},{"taxonomy":"post_tag","embeddable":true,"href":"https:\/\/www.egemtv.com\/index.php?rest_route=%2Fwp%2Fv2%2Ftags&post=76681"}],"curies":[{"name":"wp","href":"https:\/\/api.w.org\/{rel}","templated":true}]}}