{"id":76675,"date":"2025-12-26T09:14:47","date_gmt":"2025-12-26T06:14:47","guid":{"rendered":"https:\/\/www.egemtv.com\/?p=76675"},"modified":"2025-12-26T09:14:49","modified_gmt":"2025-12-26T06:14:49","slug":"yok-engelsiz-universite-odullerinde-usak-universitesi-one-cikti","status":"publish","type":"post","link":"https:\/\/www.egemtv.com\/?p=76675","title":{"rendered":"Y\u00d6K engelsiz \u00fcniversite \u00f6d\u00fcllerinde U\u015fak \u00dcniversitesi \u00f6ne \u00e7\u0131kt\u0131"},"content":{"rendered":"<p>U\u015fak \u00dcniversitesi, Y\u00d6K engelsiz \u00fcniversite \u00f6d\u00fcllerinde en \u00e7ok bayrak alan \u00fcniversiteler aras\u0131nda 4\u2019\u00fcnc\u00fc s\u0131rada yer ald\u0131.<\/p>\n<p>Y\u00fcksek\u00f6\u011fretim Kurulu (Y\u00d6K) taraf\u0131ndan bu y\u0131l da d\u00fczenlenen &#8220;2025 Engelsiz \u00dcniversite Bayraklar\u0131 ve Program Ni\u015fan\u0131 \u00d6d\u00fclleri&#8221; sahiplerini buldu. U\u015fak \u00dcniversitesi, ald\u0131\u011f\u0131 bayrak say\u0131s\u0131yla en \u00e7ok \u00f6d\u00fcl alan \u00fcniversiteler aras\u0131nda yer alarak \u00f6nemli bir ba\u015far\u0131ya imza att\u0131. \u00dcniversitemiz en \u00e7ok bayrak alan \u00fcniversiteler aras\u0131nda 4\u2019\u00fcnc\u00fc s\u0131rada yer ald\u0131.<br \/>\n<br \/>Y\u00d6K\u2019te ger\u00e7ekle\u015ftirilen \u00f6d\u00fcl t\u00f6renine, U\u015fak \u00dcniversitesi Rekt\u00f6r\u00fc Prof. Dr. Ahmet Demir ile Engelsiz Birim Koordinat\u00f6r\u00fc Do\u00e7. Dr. \u015eule G\u00fc\u00e7yeter kat\u0131ld\u0131. \u00dcniversitelere \u00f6d\u00fclleri, Y\u00d6K Ba\u015fkan\u0131 Prof. Dr. Erol \u00d6zvar taraf\u0131ndan takdim edildi.<\/p>\n<p>T\u00f6rende konu\u015fan Y\u00d6K Ba\u015fkan\u0131 Prof. Dr. Erol \u00d6zvar, 2018 y\u0131l\u0131ndan bu yana b\u00fcy\u00fck bir hassasiyetle s\u00fcrd\u00fcr\u00fclen Engelsiz \u00dcniversite \u00d6d\u00fcllerinin, e\u011fitimde adalet, f\u0131rsat e\u015fitli\u011fi ve insan onuruna sayg\u0131n\u0131n ayr\u0131lmaz bir par\u00e7as\u0131 oldu\u011funu vurgulad\u0131. \u00d6zvar, &#8220;Engelsiz \u00fcniversite yakla\u015f\u0131m\u0131n\u0131 y\u00fcksek\u00f6\u011fretim politikalar\u0131m\u0131z\u0131n merkezinde tutuyoruz. \u00dcniversitelerimizin bu bilin\u00e7le ortaya koydu\u011fu her samimi \u00e7aba, kamp\u00fcs ya\u015fam\u0131n\u0131 herkes i\u00e7in daha eri\u015filebilir ve kapsay\u0131c\u0131 h\u00e2le getiriyor&#8221; dedi.<\/p>\n<p>\u00dcniversite e\u011fitiminin yayg\u0131nla\u015fmas\u0131n\u0131n T\u00fcrkiye\u2019nin akademik, sosyal ve ekonomik kalk\u0131nmas\u0131na \u00f6nemli katk\u0131lar sundu\u011funu belirten Prof. Dr. \u00d6zvar, dezavantajl\u0131 gruplara y\u00f6nelik projeleri hayata ge\u00e7irmenin Y\u00d6K i\u00e7in \u00f6nemli bir sorumluluk oldu\u011funu ifade etti. Engelsiz \u00dcniversite Bayraklar\u0131n\u0131n; mek\u00e2nda eri\u015fim, e\u011fitimde eri\u015fim ve sosyok\u00fclt\u00fcrel faaliyetlerde eri\u015fim olmak \u00fczere \u00fc\u00e7 temel alanda y\u00fcr\u00fct\u00fclen \u00e7al\u0131\u015fmalar\u0131 kapsad\u0131\u011f\u0131n\u0131 belirtti.<br \/>\n<br \/>Turuncu bayra\u011f\u0131n fiziksel mek\u00e2nlarda eri\u015filebilirli\u011fi, ye\u015fil bayra\u011f\u0131n e\u011fitim s\u00fcre\u00e7lerinde eri\u015filebilirli\u011fi, mavi bayra\u011f\u0131n ise sosyok\u00fclt\u00fcrel faaliyetlerde kapsay\u0131c\u0131l\u0131\u011f\u0131 temsil etti\u011fini aktaran \u00d6zvar, 2024-2025 e\u011fitim \u00f6\u011fretim y\u0131l\u0131nda 112 \u00fcniversiteden yap\u0131lan 1768 ba\u015fvurunun de\u011ferlendirildi\u011fini, 124 ba\u015fvurunun Engelsiz \u00dcniversite Bayra\u011f\u0131, 138 ba\u015fvurunun ise Engelsiz \u00dcniversite Program Ni\u015fan\u0131 almaya hak kazand\u0131\u011f\u0131n\u0131 a\u00e7\u0131klad\u0131.<\/p>\n<p>Konu\u015fmalar\u0131n ard\u0131ndan Prof. Dr. \u00d6zvar, en \u00e7ok bayrak ve ni\u015fana sahip \u00fcniversiteleri tebrik ederek \u00f6d\u00fcllerini takdim etti.<br \/>\n<br \/>U\u015fak \u00dcniversitesi Rekt\u00f6r\u00fc Prof. Dr. Ahmet Demir, en \u00e7ok bayrak almaya hak kazanan \u00fcniversiteler aras\u0131nda 4\u2019\u00fcnc\u00fc olman\u0131n gururunu ya\u015fad\u0131klar\u0131n\u0131 belirtti.<br \/>\n<br \/>Prof. Dr. Demir, &#8220;U\u015fak \u00dcniversitesi, \u2018Engelsiz \u00dcniversite\u2019 olma hedefi do\u011frultusunda y\u00fcr\u00fctt\u00fc\u011f\u00fc \u00e7al\u0131\u015fmalarla bu y\u0131l da \u00f6nemli bir ba\u015far\u0131 elde ederek en \u00e7ok bayrak almaya hak kazanan \u00fcniversiteler aras\u0131nda 4\u2019\u00fcnc\u00fc oldu. Engelsiz e\u011fitim ve eri\u015filebilirlik alan\u0131nda yap\u0131lan \u00e7al\u0131\u015fmalar\u0131n \u00f6d\u00fcllendirilmesi bizler i\u00e7in b\u00fcy\u00fck bir motivasyon kayna\u011f\u0131. U\u015fak \u00dcniversitesi olarak elde etti\u011fimiz bu ba\u015far\u0131yla engelsiz ve kapsay\u0131c\u0131 y\u00fcksek\u00f6\u011fretim vizyonuna katk\u0131 sunmay\u0131 s\u00fcrd\u00fcr\u00fcyoruz.  Ba\u015fta Engelsiz Birim Koordinat\u00f6rl\u00fc\u011f\u00fcm\u00fcz olmak \u00fczere eme\u011fi ge\u00e7en t\u00fcm personelimize te\u015fekk\u00fcr ediyorum. Eri\u015filebilirlik \u00e7al\u0131\u015fmalar\u0131m\u0131za kararl\u0131l\u0131kla devam edece\u011fiz&#8221; dedi.<br \/>\n<br \/>Lisans\u00fcst\u00fc E\u011fitim Enstit\u00fcs\u00fc\u2019n\u00fcn yan\u0131 s\u0131ra \u0130leti\u015fim Fak\u00fcltesi, \u0130nsan ve Toplum Bilimleri Fak\u00fcltesi, \u0130lahiyat Fak\u00fcltesi, \u0130ktisadi ve \u0130dari Bilimler Fak\u00fcltesi, Uygulamal\u0131 Bilimler Fak\u00fcltesi, G\u00fczel Sanatlar Fak\u00fcltesi e\u011fitimde eri\u015febilirlik kategorisinde ye\u015fil bayrak \u00f6d\u00fcl\u00fcn\u00fc ald\u0131.<br \/><\/p>\n","protected":false},"excerpt":{"rendered":"<p>U\u015fak \u00dcniversitesi, Y\u00d6K engelsiz \u00fcniversite \u00f6d\u00fcllerinde en \u00e7ok bayrak alan \u00fcniversiteler aras\u0131nda 4\u2019\u00fcnc\u00fc s\u0131rada yer ald\u0131. Y\u00fcksek\u00f6\u011fretim Kurulu (Y\u00d6K) taraf\u0131ndan bu y\u0131l da d\u00fczenlenen &#8220;2025 Engelsiz \u00dcniversite Bayraklar\u0131 ve Program Ni\u015fan\u0131 \u00d6d\u00fclleri&#8221; sahiplerini buldu. U\u015fak \u00dcniversitesi, ald\u0131\u011f\u0131 bayrak say\u0131s\u0131yla en \u00e7ok \u00f6d\u00fcl alan \u00fcniversiteler aras\u0131nda yer alarak \u00f6nemli bir ba\u015far\u0131ya imza att\u0131. \u00dcniversitemiz en \u00e7ok&#8230;<\/p>\n","protected":false},"author":1,"featured_media":76676,"comment_status":"open","ping_status":"open","sticky":false,"template":"","format":"standard","meta":{"_crdt_document":"","footnotes":""},"categories":[1],"tags":[],"class_list":["post-76675","post","type-post","status-publish","format-standard","has-post-thumbnail","hentry","category-guncel"],"_links":{"self":[{"href":"https:\/\/www.egemtv.com\/index.php?rest_route=\/wp\/v2\/posts\/76675","targetHints":{"allow":["GET"]}}],"collection":[{"href":"https:\/\/www.egemtv.com\/index.php?rest_route=\/wp\/v2\/posts"}],"about":[{"href":"https:\/\/www.egemtv.com\/index.php?rest_route=\/wp\/v2\/types\/post"}],"author":[{"embeddable":true,"href":"https:\/\/www.egemtv.com\/index.php?rest_route=\/wp\/v2\/users\/1"}],"replies":[{"embeddable":true,"href":"https:\/\/www.egemtv.com\/index.php?rest_route=%2Fwp%2Fv2%2Fcomments&post=76675"}],"version-history":[{"count":1,"href":"https:\/\/www.egemtv.com\/index.php?rest_route=\/wp\/v2\/posts\/76675\/revisions"}],"predecessor-version":[{"id":76677,"href":"https:\/\/www.egemtv.com\/index.php?rest_route=\/wp\/v2\/posts\/76675\/revisions\/76677"}],"wp:featuredmedia":[{"embeddable":true,"href":"https:\/\/www.egemtv.com\/index.php?rest_route=\/wp\/v2\/media\/76676"}],"wp:attachment":[{"href":"https:\/\/www.egemtv.com\/index.php?rest_route=%2Fwp%2Fv2%2Fmedia&parent=76675"}],"wp:term":[{"taxonomy":"category","embeddable":true,"href":"https:\/\/www.egemtv.com\/index.php?rest_route=%2Fwp%2Fv2%2Fcategories&post=76675"},{"taxonomy":"post_tag","embeddable":true,"href":"https:\/\/www.egemtv.com\/index.php?rest_route=%2Fwp%2Fv2%2Ftags&post=76675"}],"curies":[{"name":"wp","href":"https:\/\/api.w.org\/{rel}","templated":true}]}}