{"id":76672,"date":"2025-12-26T08:54:45","date_gmt":"2025-12-26T05:54:45","guid":{"rendered":"https:\/\/www.egemtv.com\/?p=76672"},"modified":"2025-12-26T08:54:46","modified_gmt":"2025-12-26T05:54:46","slug":"aydina-tahsis-edilen-yeni-ambulanslar-hizmet-icin-yola-cikti","status":"publish","type":"post","link":"https:\/\/www.egemtv.com\/?p=76672","title":{"rendered":"Ayd\u0131n\u2019a tahsis edilen yeni ambulanslar hizmet i\u00e7in yola \u00e7\u0131kt\u0131"},"content":{"rendered":"<p>Sa\u011fl\u0131k Bakanl\u0131\u011f\u0131 taraf\u0131ndan Ayd\u0131n\u2019a tahsis edilen yeni ambulanslar, Acil Sa\u011fl\u0131k Hizmetleri personeline teslim edilerek hizmet i\u00e7in yola \u00e7\u0131kt\u0131.<\/p>\n<p>Sa\u011fl\u0131k Bakan\u0131 Prof. Dr. Kemal Memi\u015fo\u011flu\u2019nun te\u015frifleriyle ger\u00e7ekle\u015ftirilen Ambulans Sa\u011fl\u0131k Hizmetine Al\u0131m T\u00f6reni sonras\u0131, Ayd\u0131n iline tahsis edilen yeni ambulanslar\u0131n anahtarlar\u0131 \u0130l Sa\u011fl\u0131k M\u00fcd\u00fcr\u00fc Dr. Eser \u015eenkul taraf\u0131ndan Acil Sa\u011fl\u0131k Hizmetleri personeline teslim edildi. Teslim edilen ambulanslar, vatanda\u015flara acil sa\u011fl\u0131k hizmeti sunmak \u00fczere g\u00f6reve ba\u015flad\u0131. G\u00fc\u00e7lendirilen acil sa\u011fl\u0131k filosu ile birlikte hayata ge\u00e7irilen dijital d\u00f6n\u00fc\u015f\u00fcm ad\u0131mlar\u0131 sayesinde, il genelinde sunulan acil sa\u011fl\u0131k hizmetlerinde m\u00fcdahale s\u00fcresinin k\u0131salt\u0131lmas\u0131 ve hizmet kalitesinin art\u0131r\u0131lmas\u0131 hedeflenirken, yeni ambulanslar\u0131n, Ayd\u0131n genelinde acil vakalara daha h\u0131zl\u0131 ve etkin \u015fekilde m\u00fcdahale edilmesine katk\u0131 sa\u011flamas\u0131 bekleniyor.<\/p>\n<p>Konu ile ilgili Ayd\u0131n \u0130l Sa\u011fl\u0131k M\u00fcd\u00fcrl\u00fc\u011f\u00fc\u2019nden yap\u0131lan a\u00e7\u0131klamada &#8220;Sa\u011fl\u0131k Bakan\u0131m\u0131z Prof. Dr. Kemal Memi\u015fo\u011flu\u2019nun te\u015frifleriyle ger\u00e7ekle\u015ftirilen Ambulans Sa\u011fl\u0131k Hizmetine Al\u0131m T\u00f6reni ard\u0131ndan, ilimize tahsis edilen yeni ambulanslar\u0131n anahtarlar\u0131 \u0130l Sa\u011fl\u0131k M\u00fcd\u00fcr\u00fcm\u00fcz Dr. Eser \u015eenkul taraf\u0131ndan Acil Sa\u011fl\u0131k Hizmetleri personelimize teslim edilerek vatanda\u015flar\u0131m\u0131za Acil Sa\u011fl\u0131k hizmeti sunmak \u00fczere yola \u00e7\u0131kt\u0131. G\u00fc\u00e7lenen acil sa\u011fl\u0131k filomuz ve hayata ge\u00e7irilen dijital d\u00f6n\u00fc\u015f\u00fcm ad\u0131mlar\u0131 sayesinde, ilimiz genelinde vatanda\u015flar\u0131m\u0131za sundu\u011fumuz acil sa\u011fl\u0131k hizmetlerinde m\u00fcdahale h\u0131z\u0131n\u0131 ve hizmet kalitesini en \u00fcst seviyeye ta\u015f\u0131yoruz&#8221; ifadeleri yer ald\u0131.<br \/><\/p>\n","protected":false},"excerpt":{"rendered":"<p>Sa\u011fl\u0131k Bakanl\u0131\u011f\u0131 taraf\u0131ndan Ayd\u0131n\u2019a tahsis edilen yeni ambulanslar, Acil Sa\u011fl\u0131k Hizmetleri personeline teslim edilerek hizmet i\u00e7in yola \u00e7\u0131kt\u0131. Sa\u011fl\u0131k Bakan\u0131 Prof. Dr. Kemal Memi\u015fo\u011flu\u2019nun te\u015frifleriyle ger\u00e7ekle\u015ftirilen Ambulans Sa\u011fl\u0131k Hizmetine Al\u0131m T\u00f6reni sonras\u0131, Ayd\u0131n iline tahsis edilen yeni ambulanslar\u0131n anahtarlar\u0131 \u0130l Sa\u011fl\u0131k M\u00fcd\u00fcr\u00fc Dr. Eser \u015eenkul taraf\u0131ndan Acil Sa\u011fl\u0131k Hizmetleri personeline teslim edildi. Teslim edilen ambulanslar,&#8230;<\/p>\n","protected":false},"author":1,"featured_media":76673,"comment_status":"open","ping_status":"open","sticky":false,"template":"","format":"standard","meta":{"_crdt_document":"","footnotes":""},"categories":[2],"tags":[],"class_list":["post-76672","post","type-post","status-publish","format-standard","has-post-thumbnail","hentry","category-saglik"],"_links":{"self":[{"href":"https:\/\/www.egemtv.com\/index.php?rest_route=\/wp\/v2\/posts\/76672","targetHints":{"allow":["GET"]}}],"collection":[{"href":"https:\/\/www.egemtv.com\/index.php?rest_route=\/wp\/v2\/posts"}],"about":[{"href":"https:\/\/www.egemtv.com\/index.php?rest_route=\/wp\/v2\/types\/post"}],"author":[{"embeddable":true,"href":"https:\/\/www.egemtv.com\/index.php?rest_route=\/wp\/v2\/users\/1"}],"replies":[{"embeddable":true,"href":"https:\/\/www.egemtv.com\/index.php?rest_route=%2Fwp%2Fv2%2Fcomments&post=76672"}],"version-history":[{"count":1,"href":"https:\/\/www.egemtv.com\/index.php?rest_route=\/wp\/v2\/posts\/76672\/revisions"}],"predecessor-version":[{"id":76674,"href":"https:\/\/www.egemtv.com\/index.php?rest_route=\/wp\/v2\/posts\/76672\/revisions\/76674"}],"wp:featuredmedia":[{"embeddable":true,"href":"https:\/\/www.egemtv.com\/index.php?rest_route=\/wp\/v2\/media\/76673"}],"wp:attachment":[{"href":"https:\/\/www.egemtv.com\/index.php?rest_route=%2Fwp%2Fv2%2Fmedia&parent=76672"}],"wp:term":[{"taxonomy":"category","embeddable":true,"href":"https:\/\/www.egemtv.com\/index.php?rest_route=%2Fwp%2Fv2%2Fcategories&post=76672"},{"taxonomy":"post_tag","embeddable":true,"href":"https:\/\/www.egemtv.com\/index.php?rest_route=%2Fwp%2Fv2%2Ftags&post=76672"}],"curies":[{"name":"wp","href":"https:\/\/api.w.org\/{rel}","templated":true}]}}