{"id":76666,"date":"2025-12-25T23:14:30","date_gmt":"2025-12-25T20:14:30","guid":{"rendered":"https:\/\/www.egemtv.com\/?p=76666"},"modified":"2025-12-25T23:14:30","modified_gmt":"2025-12-25T20:14:30","slug":"manisada-turk-kizilaydan-regaip-kandilinde-bin-kisilik-ikram","status":"publish","type":"post","link":"https:\/\/www.egemtv.com\/?p=76666","title":{"rendered":"Manisa\u2019da T\u00fcrk K\u0131z\u0131lay\u2019dan Regaip Kandili\u2019nde bin ki\u015filik ikram"},"content":{"rendered":"<p>T\u00fcrk K\u0131z\u0131lay Manisa \u0130l Merkezi Ba\u015fkanl\u0131\u011f\u0131, Regaip Kandili dolay\u0131s\u0131yla Saruhan Bey Camii\u2019nde vatanda\u015flara \u00e7e\u015fitli ikraml\u0131klar da\u011f\u0131tt\u0131.<br \/>\n<br \/>Program kapsam\u0131nda, yats\u0131 namaz\u0131 sonras\u0131nda vatanda\u015flara bin ki\u015filik \u00e7orba, su ve \u00e7e\u015fitli ikramlar da\u011f\u0131t\u0131ld\u0131. Etkinli\u011fe, T\u00fcrk K\u0131z\u0131lay g\u00f6n\u00fcll\u00fcleri de destek verdi.<br \/>\n<br \/>T\u00fcrk K\u0131z\u0131lay Manisa \u0130l Merkezi Ba\u015fkan\u0131 \u00d6ner G\u00fcrsel yapt\u0131\u011f\u0131 a\u00e7\u0131klamada, Regaip Kandili\u2019nin manevi de\u011ferine dikkat \u00e7ekerek, &#8220;Bu m\u00fcbarek gecede hem\u015fehrilerimizle bir araya gelerek payla\u015fma ve dayan\u0131\u015fma k\u00fclt\u00fcr\u00fcn\u00fc ya\u015fatmak istedik. T\u00fcrk K\u0131z\u0131lay olarak manevi g\u00fcnlerde de milletimizin yan\u0131nda olmaya devam ediyoruz. Regaip Kandili\u2019nin hay\u0131rlara vesile olmas\u0131n\u0131 diliyorum&#8221; dedi.<br \/><\/p>\n","protected":false},"excerpt":{"rendered":"<p>T\u00fcrk K\u0131z\u0131lay Manisa \u0130l Merkezi Ba\u015fkanl\u0131\u011f\u0131, Regaip Kandili dolay\u0131s\u0131yla Saruhan Bey Camii\u2019nde vatanda\u015flara \u00e7e\u015fitli ikraml\u0131klar da\u011f\u0131tt\u0131. Program kapsam\u0131nda, yats\u0131 namaz\u0131 sonras\u0131nda vatanda\u015flara bin ki\u015filik \u00e7orba, su ve \u00e7e\u015fitli ikramlar da\u011f\u0131t\u0131ld\u0131. Etkinli\u011fe, T\u00fcrk K\u0131z\u0131lay g\u00f6n\u00fcll\u00fcleri de destek verdi. T\u00fcrk K\u0131z\u0131lay Manisa \u0130l Merkezi Ba\u015fkan\u0131 \u00d6ner G\u00fcrsel yapt\u0131\u011f\u0131 a\u00e7\u0131klamada, Regaip Kandili\u2019nin manevi de\u011ferine dikkat \u00e7ekerek, &#8220;Bu m\u00fcbarek&#8230;<\/p>\n","protected":false},"author":1,"featured_media":76667,"comment_status":"open","ping_status":"open","sticky":false,"template":"","format":"standard","meta":{"_crdt_document":"","footnotes":""},"categories":[123],"tags":[],"class_list":["post-76666","post","type-post","status-publish","format-standard","has-post-thumbnail","hentry","category-gundem"],"_links":{"self":[{"href":"https:\/\/www.egemtv.com\/index.php?rest_route=\/wp\/v2\/posts\/76666","targetHints":{"allow":["GET"]}}],"collection":[{"href":"https:\/\/www.egemtv.com\/index.php?rest_route=\/wp\/v2\/posts"}],"about":[{"href":"https:\/\/www.egemtv.com\/index.php?rest_route=\/wp\/v2\/types\/post"}],"author":[{"embeddable":true,"href":"https:\/\/www.egemtv.com\/index.php?rest_route=\/wp\/v2\/users\/1"}],"replies":[{"embeddable":true,"href":"https:\/\/www.egemtv.com\/index.php?rest_route=%2Fwp%2Fv2%2Fcomments&post=76666"}],"version-history":[{"count":1,"href":"https:\/\/www.egemtv.com\/index.php?rest_route=\/wp\/v2\/posts\/76666\/revisions"}],"predecessor-version":[{"id":76668,"href":"https:\/\/www.egemtv.com\/index.php?rest_route=\/wp\/v2\/posts\/76666\/revisions\/76668"}],"wp:featuredmedia":[{"embeddable":true,"href":"https:\/\/www.egemtv.com\/index.php?rest_route=\/wp\/v2\/media\/76667"}],"wp:attachment":[{"href":"https:\/\/www.egemtv.com\/index.php?rest_route=%2Fwp%2Fv2%2Fmedia&parent=76666"}],"wp:term":[{"taxonomy":"category","embeddable":true,"href":"https:\/\/www.egemtv.com\/index.php?rest_route=%2Fwp%2Fv2%2Fcategories&post=76666"},{"taxonomy":"post_tag","embeddable":true,"href":"https:\/\/www.egemtv.com\/index.php?rest_route=%2Fwp%2Fv2%2Ftags&post=76666"}],"curies":[{"name":"wp","href":"https:\/\/api.w.org\/{rel}","templated":true}]}}