{"id":76519,"date":"2025-12-25T12:35:35","date_gmt":"2025-12-25T09:35:35","guid":{"rendered":"https:\/\/www.egemtv.com\/?p=76519"},"modified":"2025-12-25T12:35:36","modified_gmt":"2025-12-25T09:35:36","slug":"muglada-hava-sicakligi-3lere-dusuyor","status":"publish","type":"post","link":"https:\/\/www.egemtv.com\/?p=76519","title":{"rendered":"Mu\u011fla\u2019da hava s\u0131cakl\u0131\u011f\u0131 -3\u2019lere d\u00fc\u015f\u00fcyor"},"content":{"rendered":"<p>Meteoroloji 4. B\u00f6lge M\u00fcd\u00fcrl\u00fc\u011f\u00fc, B\u00f6lge Tahmin ve Uyar\u0131 Merkezinden yap\u0131lan a\u00e7\u0131klamada, 26 aral\u0131k-2 Ocak tarihleri aras\u0131nda Mu\u011fla b\u00f6lgesinde hava s\u0131cakl\u0131\u011f\u0131 geceleri-3 derecelere kadar d\u00fc\u015fecek.<br \/>\n<br \/>Yap\u0131lan uyar\u0131da, &#8220;Yap\u0131lan son meteorolojik de\u011ferlendirmelere g\u00f6re; 26 Aral\u0131k 2025 Cuma g\u00fcn\u00fcnden itibaren b\u00f6lgemizin so\u011fuk ve ya\u011f\u0131\u015fl\u0131 havan\u0131n etkisi alt\u0131na girmesi beklenmektedir. Ya\u011f\u0131\u015flar\u0131n; sahil kesimlerinde sa\u011fanak, i\u00e7 kesimlerde karla kar\u0131\u015f\u0131k ya\u011fmur ve kar \u015feklinde olaca\u011f\u0131 tahmin edilmektedir. Halen mevsim normalleri civar\u0131nda seyreden hava s\u0131cakl\u0131klar\u0131n\u0131n, b\u00f6lge genelinde hissedilir derecede (4 ila 10 derece) azalaca\u011f\u0131 tahmin edilmektedir. So\u011fuk havan\u0131n b\u00f6lgemiz genelinde \u00f6n\u00fcm\u00fczdeki hafta boyunca da etkisini s\u00fcrd\u00fcrmesi beklenmektedir. Bu s\u00fcre\u00e7te; \u00f6zellikle gece ve sabah saatlerinde s\u0131cakl\u0131klar\u0131n d\u00fc\u015fmesine ba\u011fl\u0131 olarak buzlanma ve don olaylar\u0131n\u0131n g\u00f6r\u00fclebilece\u011fi, buna ba\u011fl\u0131 olarak kara, hava ve deniz ula\u015f\u0131m\u0131nda aksamalar ya\u015fanabilece\u011fi de\u011ferlendirilmektedir. Ayr\u0131ca, tar\u0131msal faaliyetlerin devam etti\u011fi yerlerde so\u011fuk hava ve don olaylar\u0131n\u0131n zirai don riskini art\u0131raca\u011f\u0131, \u00fcr\u00fcn kay\u0131plar\u0131na neden olabilece\u011fi \u00f6ng\u00f6r\u00fclmektedir. \u00c7evre, \u015eehircilik ve \u0130klim De\u011fi\u015fikli\u011fi Bakanl\u0131\u011f\u0131 Meteoroloji Genel M\u00fcd\u00fcrl\u00fc\u011f\u00fc taraf\u0131ndan haz\u0131rlan\u0131p yay\u0131nlanacak olan tahmin ve meteorolojik erken uyar\u0131lar\u0131n takip edilmesi \u00f6nem arz etmektedir. 26 Aral\u0131k 2025 il\u00e2 2 Ocak 2026 tarihleri aras\u0131nda Mu\u011fla b\u00f6lgesinde en d\u00fc\u015f\u00fck hava s\u0131cakl\u0131\u011f\u0131n\u0131n -3 derece dolay\u0131nda olmas\u0131 bekleniyor&#8221; denildi.<br \/><\/p>\n","protected":false},"excerpt":{"rendered":"<p>Meteoroloji 4. B\u00f6lge M\u00fcd\u00fcrl\u00fc\u011f\u00fc, B\u00f6lge Tahmin ve Uyar\u0131 Merkezinden yap\u0131lan a\u00e7\u0131klamada, 26 aral\u0131k-2 Ocak tarihleri aras\u0131nda Mu\u011fla b\u00f6lgesinde hava s\u0131cakl\u0131\u011f\u0131 geceleri-3 derecelere kadar d\u00fc\u015fecek. Yap\u0131lan uyar\u0131da, &#8220;Yap\u0131lan son meteorolojik de\u011ferlendirmelere g\u00f6re; 26 Aral\u0131k 2025 Cuma g\u00fcn\u00fcnden itibaren b\u00f6lgemizin so\u011fuk ve ya\u011f\u0131\u015fl\u0131 havan\u0131n etkisi alt\u0131na girmesi beklenmektedir. Ya\u011f\u0131\u015flar\u0131n; sahil kesimlerinde sa\u011fanak, i\u00e7 kesimlerde karla kar\u0131\u015f\u0131k ya\u011fmur&#8230;<\/p>\n","protected":false},"author":1,"featured_media":76520,"comment_status":"open","ping_status":"open","sticky":false,"template":"","format":"standard","meta":{"_crdt_document":"","footnotes":""},"categories":[1],"tags":[],"class_list":["post-76519","post","type-post","status-publish","format-standard","has-post-thumbnail","hentry","category-guncel"],"_links":{"self":[{"href":"https:\/\/www.egemtv.com\/index.php?rest_route=\/wp\/v2\/posts\/76519","targetHints":{"allow":["GET"]}}],"collection":[{"href":"https:\/\/www.egemtv.com\/index.php?rest_route=\/wp\/v2\/posts"}],"about":[{"href":"https:\/\/www.egemtv.com\/index.php?rest_route=\/wp\/v2\/types\/post"}],"author":[{"embeddable":true,"href":"https:\/\/www.egemtv.com\/index.php?rest_route=\/wp\/v2\/users\/1"}],"replies":[{"embeddable":true,"href":"https:\/\/www.egemtv.com\/index.php?rest_route=%2Fwp%2Fv2%2Fcomments&post=76519"}],"version-history":[{"count":1,"href":"https:\/\/www.egemtv.com\/index.php?rest_route=\/wp\/v2\/posts\/76519\/revisions"}],"predecessor-version":[{"id":76521,"href":"https:\/\/www.egemtv.com\/index.php?rest_route=\/wp\/v2\/posts\/76519\/revisions\/76521"}],"wp:featuredmedia":[{"embeddable":true,"href":"https:\/\/www.egemtv.com\/index.php?rest_route=\/wp\/v2\/media\/76520"}],"wp:attachment":[{"href":"https:\/\/www.egemtv.com\/index.php?rest_route=%2Fwp%2Fv2%2Fmedia&parent=76519"}],"wp:term":[{"taxonomy":"category","embeddable":true,"href":"https:\/\/www.egemtv.com\/index.php?rest_route=%2Fwp%2Fv2%2Fcategories&post=76519"},{"taxonomy":"post_tag","embeddable":true,"href":"https:\/\/www.egemtv.com\/index.php?rest_route=%2Fwp%2Fv2%2Ftags&post=76519"}],"curies":[{"name":"wp","href":"https:\/\/api.w.org\/{rel}","templated":true}]}}