{"id":76513,"date":"2025-12-25T12:14:45","date_gmt":"2025-12-25T09:14:45","guid":{"rendered":"https:\/\/www.egemtv.com\/?p=76513"},"modified":"2025-12-25T12:14:46","modified_gmt":"2025-12-25T09:14:46","slug":"menemen-fkda-ilk-ayrilik-gerceklesti","status":"publish","type":"post","link":"https:\/\/www.egemtv.com\/?p=76513","title":{"rendered":"Menemen FK\u2019da ilk ayr\u0131l\u0131k ger\u00e7ekle\u015fti"},"content":{"rendered":"<p>Menemen FK\u2019da ba\u015far\u0131l\u0131 bir performans sergileyen golc\u00fc futbolcu Se\u00e7im Can Ko\u00e7, sar\u0131-lacivertli ekiple yollar\u0131n\u0131 ay\u0131rarak Mu\u015fspor\u2019a transfer oldu.<br \/>\n<br \/>TFF 2. Lig K\u0131rm\u0131z\u0131 Grup\u2019ta m\u00fccadele eden Menemen FK\u2019da ilk ayr\u0131l\u0131k ya\u015fand\u0131. Liglerin devre aras\u0131na girmesiyle birlikte transfer \u00e7al\u0131\u015fmalar\u0131na ba\u015flayan sar\u0131-lacivertli ekipte fla\u015f bir geli\u015fme ya\u015fand\u0131. 2024-2025 sezonundan bu yana \u0130zmir temsilcisinin formas\u0131n\u0131 giyen golc\u00fc oyuncu Se\u00e7im Can Ko\u00e7, bir di\u011fer 2. Lig ekibi Mu\u015fspor\u2019a transfer oldu. 28 ya\u015f\u0131ndaki oyuncu, sosyal medya hesab\u0131ndan yapt\u0131\u011f\u0131 payla\u015f\u0131mla Menemen FK\u2019ya veda etti. Se\u00e7im Can payla\u015f\u0131m\u0131nda, &#8220;1,5 sezon formas\u0131n\u0131 gururla ta\u015f\u0131d\u0131\u011f\u0131m Menemen FK\u2019ya veda ediyorum. Bu s\u00fcre\u00e7te birlikte \u00e7al\u0131\u015ft\u0131\u011f\u0131m t\u00fcm teknik ekibe, tak\u0131m arkada\u015flar\u0131ma, kul\u00fcp \u00e7al\u0131\u015fanlar\u0131na ve her zaman yan\u0131m\u0131zda olan Menemen FK taraftar\u0131na te\u015fekk\u00fcr ederim. Menemen FK\u2019ya bundan sonraki yolunda ba\u015far\u0131lar dilerim&#8221; ifadelerini kulland\u0131.<br \/>\n<br \/>TFF 2. Lig\u2019in ikinci yar\u0131s\u0131nda Mu\u015fspor formas\u0131 giyecek olan Se\u00e7im Can Ko\u00e7, Menemen FK formas\u0131yla 45 ma\u00e7a \u00e7\u0131karken 23 gol kaydetmeyi ba\u015fard\u0131.<br \/><\/p>\n","protected":false},"excerpt":{"rendered":"<p>Menemen FK\u2019da ba\u015far\u0131l\u0131 bir performans sergileyen golc\u00fc futbolcu Se\u00e7im Can Ko\u00e7, sar\u0131-lacivertli ekiple yollar\u0131n\u0131 ay\u0131rarak Mu\u015fspor\u2019a transfer oldu. TFF 2. Lig K\u0131rm\u0131z\u0131 Grup\u2019ta m\u00fccadele eden Menemen FK\u2019da ilk ayr\u0131l\u0131k ya\u015fand\u0131. Liglerin devre aras\u0131na girmesiyle birlikte transfer \u00e7al\u0131\u015fmalar\u0131na ba\u015flayan sar\u0131-lacivertli ekipte fla\u015f bir geli\u015fme ya\u015fand\u0131. 2024-2025 sezonundan bu yana \u0130zmir temsilcisinin formas\u0131n\u0131 giyen golc\u00fc oyuncu Se\u00e7im&#8230;<\/p>\n","protected":false},"author":1,"featured_media":76514,"comment_status":"open","ping_status":"open","sticky":false,"template":"","format":"standard","meta":{"_crdt_document":"","footnotes":""},"categories":[4],"tags":[],"class_list":["post-76513","post","type-post","status-publish","format-standard","has-post-thumbnail","hentry","category-spor"],"_links":{"self":[{"href":"https:\/\/www.egemtv.com\/index.php?rest_route=\/wp\/v2\/posts\/76513","targetHints":{"allow":["GET"]}}],"collection":[{"href":"https:\/\/www.egemtv.com\/index.php?rest_route=\/wp\/v2\/posts"}],"about":[{"href":"https:\/\/www.egemtv.com\/index.php?rest_route=\/wp\/v2\/types\/post"}],"author":[{"embeddable":true,"href":"https:\/\/www.egemtv.com\/index.php?rest_route=\/wp\/v2\/users\/1"}],"replies":[{"embeddable":true,"href":"https:\/\/www.egemtv.com\/index.php?rest_route=%2Fwp%2Fv2%2Fcomments&post=76513"}],"version-history":[{"count":1,"href":"https:\/\/www.egemtv.com\/index.php?rest_route=\/wp\/v2\/posts\/76513\/revisions"}],"predecessor-version":[{"id":76515,"href":"https:\/\/www.egemtv.com\/index.php?rest_route=\/wp\/v2\/posts\/76513\/revisions\/76515"}],"wp:featuredmedia":[{"embeddable":true,"href":"https:\/\/www.egemtv.com\/index.php?rest_route=\/wp\/v2\/media\/76514"}],"wp:attachment":[{"href":"https:\/\/www.egemtv.com\/index.php?rest_route=%2Fwp%2Fv2%2Fmedia&parent=76513"}],"wp:term":[{"taxonomy":"category","embeddable":true,"href":"https:\/\/www.egemtv.com\/index.php?rest_route=%2Fwp%2Fv2%2Fcategories&post=76513"},{"taxonomy":"post_tag","embeddable":true,"href":"https:\/\/www.egemtv.com\/index.php?rest_route=%2Fwp%2Fv2%2Ftags&post=76513"}],"curies":[{"name":"wp","href":"https:\/\/api.w.org\/{rel}","templated":true}]}}